{"id":22526,"date":"2022-01-24T18:21:33","date_gmt":"2022-01-24T17:21:33","guid":{"rendered":"https:\/\/le12.ma\/fr\/?p=22526"},"modified":"2022-01-24T18:22:04","modified_gmt":"2022-01-24T17:22:04","slug":"rabat-celebration-du-nouvel-an-chinois","status":"publish","type":"post","link":"https:\/\/le12.ma\/fr\/rabat-celebration-du-nouvel-an-chinois\/","title":{"rendered":"Rabat. C\u00e9l\u00e9bration du nouvel an chinois"},"content":{"rendered":"<p class=\"p1\"><span class=\"s1\"><span class=\"Apple-converted-space\"><b>\u00a0\u00a0<\/b><\/span><\/span><\/p>\n<p class=\"p1\"><span class=\"s1\" style=\"color: #ff0000;\"><b>Par Driss Lyakoubi<\/b><\/span><\/p>\n<p class=\"p1\"><span class=\"s1\"><b>A l&rsquo;occasion du nouvel an chinois, l&rsquo;Association marocaine pour la coop\u00e9ration et l&rsquo;amiti\u00e9 entre les peuples (AMCAP) organise du samedi 22 janvier 2022 au 10 f\u00e9vrier, une exposition sino-marocaine \u00e0 la galerie des Beaux-Arts de Rabat. <\/b><\/span><\/p>\n<p class=\"p1\"><span class=\"s1\"><b>Lors du vernissage, plusieurs <span class=\"Apple-converted-space\">\u00a0 <\/span>ambassadeurs et des personnalit\u00e9s du monde de la culture, des arts et de la soci\u00e9t\u00e9 civile ont \u00e9t\u00e9 convi\u00e9es \u00e0 cet \u00e9v\u00e9nement artistique en vue de d\u00e9couvrir la richesse et la diversit\u00e9 culturelle de deux pays mill\u00e9naires.<span class=\"Apple-converted-space\">\u00a0 \u00a0<\/span><\/b><\/span><\/p>\n<p class=\"p1\"><span class=\"s1\"><b>Des objets chinois en porcelaine et en<span class=\"Apple-converted-space\">\u00a0 <\/span>c\u00e9ramique de grande valeur artistique et historique et des tableaux de l&rsquo;artiste marocain Majid Bouanani sont expos\u00e9s pour c\u00e9l\u00e9brer l&rsquo;ann\u00e9e du tigre qui d\u00e9butera le premier f\u00e9vrier prochain.<\/b><\/span><\/p>\n<p><img decoding=\"async\" loading=\"lazy\" class=\"alignnone size-full wp-image-22528\" src=\"https:\/\/le12.ma\/fr\/wp-content\/uploads\/2022\/01\/3D7109DF-DEEA-4A73-9DCE-FD28F7F1CB5C.jpeg\" alt=\"\" width=\"1197\" height=\"1217\" srcset=\"https:\/\/le12.ma\/fr\/wp-content\/uploads\/2022\/01\/3D7109DF-DEEA-4A73-9DCE-FD28F7F1CB5C.jpeg 1197w, https:\/\/le12.ma\/fr\/wp-content\/uploads\/2022\/01\/3D7109DF-DEEA-4A73-9DCE-FD28F7F1CB5C-295x300.jpeg 295w, https:\/\/le12.ma\/fr\/wp-content\/uploads\/2022\/01\/3D7109DF-DEEA-4A73-9DCE-FD28F7F1CB5C-1007x1024.jpeg 1007w, https:\/\/le12.ma\/fr\/wp-content\/uploads\/2022\/01\/3D7109DF-DEEA-4A73-9DCE-FD28F7F1CB5C-768x781.jpeg 768w\" sizes=\"(max-width: 1197px) 100vw, 1197px\" \/><\/p>\n<p class=\"p1\"><span class=\"s1\"><b>Le but de ce grand \u00e9v\u00e9nement culturel et artistique est de t\u00e9moigner de la grande amiti\u00e9 entre deux peuples amis. <\/b><\/span><\/p>\n<p class=\"p1\"><span class=\"s1\"><b>A cette occasion, Hassan Ammari, fondateur de la galerie <span class=\"Apple-converted-space\">\u00a0 <\/span>Beaux-Arts <span class=\"Apple-converted-space\">\u00a0 <\/span>de <span class=\"Apple-converted-space\">\u00a0 <\/span>Rabat et pr\u00e9sident<span class=\"Apple-converted-space\">\u00a0 <\/span>de<span class=\"Apple-converted-space\">\u00a0 <\/span>l\u2019Association marocaine pour la coop\u00e9ration et l&rsquo;amiti\u00e9 entre les peuples a d\u00e9clar\u00e9 que cette <span class=\"Apple-converted-space\">\u00a0 <\/span>exposition, qui se <span class=\"Apple-converted-space\">\u00a0 <\/span>tient <span class=\"Apple-converted-space\">\u00a0 <\/span>dans <span class=\"Apple-converted-space\">\u00a0 <\/span>le <span class=\"Apple-converted-space\">\u00a0 <\/span>cadre <span class=\"Apple-converted-space\">\u00a0 <\/span>du respect <span class=\"Apple-converted-space\">\u00a0 <\/span>des <span class=\"Apple-converted-space\">\u00a0 <\/span>mesures <span class=\"Apple-converted-space\">\u00a0 <\/span>pr\u00e9ventives <span class=\"Apple-converted-space\">\u00a0 <\/span>li\u00e9es <span class=\"Apple-converted-space\">\u00a0 <\/span>\u00e0 <span class=\"Apple-converted-space\">\u00a0 <\/span>la <span class=\"Apple-converted-space\">\u00a0 <\/span>pand\u00e9mie <span class=\"Apple-converted-space\">\u00a0 <\/span>de <span class=\"Apple-converted-space\">\u00a0 <\/span>la Covid- 19, <span class=\"Apple-converted-space\">\u00a0 <\/span>est <span class=\"Apple-converted-space\">\u00a0 <\/span>l&rsquo;illustration <span class=\"Apple-converted-space\">\u00a0 <\/span>parfaite <span class=\"Apple-converted-space\">\u00a0 <\/span>des <span class=\"Apple-converted-space\">\u00a0 <\/span>grandes <span class=\"Apple-converted-space\">\u00a0 <\/span>valeurs humaines et culturelles que partagent le Royaume du Maroc etla <span class=\"Apple-converted-space\">\u00a0 <\/span>R\u00e9publique <span class=\"Apple-converted-space\">\u00a0 <\/span>Populaire <span class=\"Apple-converted-space\">\u00a0 <\/span>de <span class=\"Apple-converted-space\">\u00a0 <\/span>Chine, <span class=\"Apple-converted-space\">\u00a0 <\/span>ayant <span class=\"Apple-converted-space\">\u00a0 <\/span>en <span class=\"Apple-converted-space\">\u00a0 <\/span>commun <span class=\"Apple-converted-space\">\u00a0 <\/span>une longue Histoire et un h\u00e9ritage culturel et artistique ancestral. \u00abJe saisis cette belle opportunit\u00e9, souligne-t-il, <span class=\"Apple-converted-space\">\u00a0 <\/span>pour exprimer mes v\u0153ux de bonheur et de prosp\u00e9rit\u00e9 au Peuple chinois, tout en remerciant <span class=\"Apple-converted-space\">\u00a0 <\/span>Son <span class=\"Apple-converted-space\">\u00a0 <\/span>Excellence <span class=\"Apple-converted-space\">\u00a0 <\/span>Li <span class=\"Apple-converted-space\">\u00a0 <\/span>Changlin, <span class=\"Apple-converted-space\">\u00a0 <\/span>ambassadeur <span class=\"Apple-converted-space\">\u00a0 <\/span>de Chine au Maroc et les responsables du Centre culturel chinois pour leur<span class=\"Apple-converted-space\">\u00a0 <\/span>pr\u00e9cieux<span class=\"Apple-converted-space\">\u00a0 <\/span>soutien dans<span class=\"Apple-converted-space\">\u00a0 <\/span>la<span class=\"Apple-converted-space\">\u00a0 <\/span>r\u00e9alisation de<span class=\"Apple-converted-space\">\u00a0 <\/span>cette manifestation <span class=\"Apple-converted-space\">\u00a0 <\/span>artistique <span class=\"Apple-converted-space\">\u00a0 <\/span>qui <span class=\"Apple-converted-space\">\u00a0 <\/span>t\u00e9moigne <span class=\"Apple-converted-space\">\u00a0 <\/span>de <span class=\"Apple-converted-space\">\u00a0 <\/span>l\u2019excellence <span class=\"Apple-converted-space\">\u00a0 <\/span>des relations entre nos deux grandes Nations\u00bb.<\/b><\/span><\/p>\n<blockquote class=\"wp-embedded-content\" data-secret=\"q1OQRC3fKZ\"><p><a href=\"https:\/\/le12.ma\/fr\/entretien-hassan-ammari-la-societe-civile-au-service-de-la-diplomatie\/\">Entretien.  Hassan Ammari: La soci\u00e9t\u00e9 civile au service de la diplomatie<\/a><\/p><\/blockquote>\n<p><iframe class=\"wp-embedded-content\" sandbox=\"allow-scripts\" security=\"restricted\" style=\"position: absolute; clip: rect(1px, 1px, 1px, 1px);\" title=\"\u00ab\u00a0Entretien.  Hassan Ammari: La soci\u00e9t\u00e9 civile au service de la diplomatie\u00a0\u00bb &#8212; Le12 - FR\" src=\"https:\/\/le12.ma\/fr\/entretien-hassan-ammari-la-societe-civile-au-service-de-la-diplomatie\/embed\/#?secret=q1OQRC3fKZ\" data-secret=\"q1OQRC3fKZ\" width=\"500\" height=\"282\" frameborder=\"0\" marginwidth=\"0\" marginheight=\"0\" scrolling=\"no\"><\/iframe><\/p>\n<p class=\"p1\"><span class=\"s1\"><b><br \/>\nLors de sa visite \u00e0 l&rsquo;exposition, l&rsquo;ambassadeur de Chine, SE Li Changlin a exprim\u00e9 ses vifs remerciements \u00e0 l&rsquo;Association Marocaine pour la coop\u00e9ration et l&rsquo;amiti\u00e9 entre les peuples et le centre culturel chinois pour cette initiative culturel, artistique et festive. Une manifestation culturelle et artistique, dit-il, qui traduit l&rsquo;excellence des relations s\u00e9culaires entre deux pays amis qui partagent les m\u00eames valeurs humaines d&rsquo;ouverture et de coexistence. Il n&rsquo;a pas manqu\u00e9, par ailleurs, de rappeler les similitudes culturelles entre le Maroc et la Chine.<\/b><\/span><\/p>\n","protected":false},"excerpt":{"rendered":"<p>\u00a0\u00a0 Par Driss Lyakoubi A l&rsquo;occasion du nouvel an chinois, l&rsquo;Association marocaine pour la coop\u00e9ration et l&rsquo;amiti\u00e9 entre les peuples (AMCAP) organise du samedi 22 janvier 2022 au 10 f\u00e9vrier, une exposition sino-marocaine \u00e0 la galerie des Beaux-Arts de Rabat. Lors du vernissage, plusieurs \u00a0 ambassadeurs et des personnalit\u00e9s du monde de la culture, des [&hellip;]<\/p>\n","protected":false},"author":2,"featured_media":22527,"comment_status":"open","ping_status":"open","sticky":false,"template":"","format":"standard","meta":[],"categories":[26,31,54,24],"tags":[8688,8686,8689,8687,5112],"yst_prominent_words":[2849,5842,5843,263,244],"jetpack_featured_media_url":"https:\/\/le12.ma\/fr\/wp-content\/uploads\/2022\/01\/F41D19A7-41A4-4339-B8D8-C4E0AEBBA343.jpeg","_links":{"self":[{"href":"https:\/\/le12.ma\/fr\/wp-json\/wp\/v2\/posts\/22526"}],"collection":[{"href":"https:\/\/le12.ma\/fr\/wp-json\/wp\/v2\/posts"}],"about":[{"href":"https:\/\/le12.ma\/fr\/wp-json\/wp\/v2\/types\/post"}],"author":[{"embeddable":true,"href":"https:\/\/le12.ma\/fr\/wp-json\/wp\/v2\/users\/2"}],"replies":[{"embeddable":true,"href":"https:\/\/le12.ma\/fr\/wp-json\/wp\/v2\/comments?post=22526"}],"version-history":[{"count":2,"href":"https:\/\/le12.ma\/fr\/wp-json\/wp\/v2\/posts\/22526\/revisions"}],"predecessor-version":[{"id":22530,"href":"https:\/\/le12.ma\/fr\/wp-json\/wp\/v2\/posts\/22526\/revisions\/22530"}],"wp:featuredmedia":[{"embeddable":true,"href":"https:\/\/le12.ma\/fr\/wp-json\/wp\/v2\/media\/22527"}],"wp:attachment":[{"href":"https:\/\/le12.ma\/fr\/wp-json\/wp\/v2\/media?parent=22526"}],"wp:term":[{"taxonomy":"category","embeddable":true,"href":"https:\/\/le12.ma\/fr\/wp-json\/wp\/v2\/categories?post=22526"},{"taxonomy":"post_tag","embeddable":true,"href":"https:\/\/le12.ma\/fr\/wp-json\/wp\/v2\/tags?post=22526"},{"taxonomy":"yst_prominent_words","embeddable":true,"href":"https:\/\/le12.ma\/fr\/wp-json\/wp\/v2\/yst_prominent_words?post=22526"}],"curies":[{"name":"wp","href":"https:\/\/api.w.org\/{rel}","templated":true}]}}