{"id":22510,"date":"2022-01-24T10:21:19","date_gmt":"2022-01-24T09:21:19","guid":{"rendered":"https:\/\/le12.ma\/fr\/?p=22510"},"modified":"2022-01-24T10:21:19","modified_gmt":"2022-01-24T09:21:19","slug":"un-seul-cas-positif-au-covid-parmi-les-lions-de-latlas","status":"publish","type":"post","link":"https:\/\/le12.ma\/fr\/un-seul-cas-positif-au-covid-parmi-les-lions-de-latlas\/","title":{"rendered":"Un seul cas positif au Covid parmi les Lions de l&rsquo;Atlas"},"content":{"rendered":"<p><strong><span style=\"color: #ff0000;\">le12.ma: Sport<\/span><\/strong><\/p>\n<p><strong>Le milieu de terrain de la s\u00e9lection nationale marocaine, Fay\u00e7al Fajr, est le seul cas positif au Covid-19 parmi les Lions de l&rsquo;Atlas, indique dimanche la F\u00e9d\u00e9ration royale marocaine de football (FRMF) sur son site officiel.<\/strong><\/p>\n<p><strong>\u00ab\u00a0En application du protocole m\u00e9dical mis en place par la Conf\u00e9d\u00e9ration africaine de football (CAF) lors de la phase finale de la 33\u00e8me \u00e9dition de la CAN, les joueurs de la s\u00e9lection nationale A ont effectu\u00e9 dimanche 23 janvier 2022 en matin\u00e9e un test de d\u00e9pistage de la Covid-19 avant le match face au Malawi\u00a0\u00bb, souligne la FRMF. Ces tests se sont r\u00e9v\u00e9l\u00e9s n\u00e9gatifs \u00e0 l\u2019exception de celui de Fay\u00e7al Fajr qui a \u00e9t\u00e9 soumis au protocole m\u00e9dical en vigueur apr\u00e8s son test positif, ajoute la m\u00eame source.<\/strong><\/p>\n<p><strong>Par ailleurs, Achraf Hakimi, a effectu\u00e9 des entra\u00eenements individuels \u00e0 l\u2019h\u00f4tel, a fait savoir \u00e0 l\u2019agence MAP une source de la FRMF, soulignant que le joueur du PSG n\u2019est gu\u00e8re un cas positif.<\/strong><\/p>\n<p><strong>Les Lions de l\u2019Atlas ont effectu\u00e9, dimanche \u00e0 Yaound\u00e9, l\u2019avant-derni\u00e8re s\u00e9ance d\u2019entra\u00eenement avant les huiti\u00e8mes de finale de la CAN-2021, pr\u00e9vus mardi, face au Malawi. Cette s\u00e9ance a \u00e9t\u00e9 marqu\u00e9e par le retour du gardien de but Yassine Bounou.<\/strong><\/p>\n<p><strong>Le s\u00e9lectionneur national, Vahid Halilhod\u017ei\u0107, donnera, lundi, une conf\u00e9rence de presse \u00e0 13h00, tandis que les Lions effectueront la derni\u00e8re s\u00e9ance d\u2019entra\u00eenement \u00e0 17h30. Celle-ci sera ouverte \u00e0 la presse, les 15 premi\u00e8res minutes.<\/strong><\/p>\n<p><strong>La s\u00e9lection nationale affrontera mardi son homologue malawienne aux huiti\u00e8mes de finale de la CAN-2021. Le Malawi a fini \u00e0 la 3\u00e8me place du groupe B, derri\u00e8re le S\u00e9n\u00e9gal et la Guin\u00e9e, alors que les Lions de l\u2019Atlas ont fini la phase de poules en beaut\u00e9, en occupant la 1\u00e8re place du groupe C, apr\u00e8s deux victoires et un match nul. Les deux s\u00e9lections s\u2019affronteront mardi prochain \u00e0 20h au Stade Ahmadou Ahidjou \u00e0 Yaound\u00e9.<\/strong><\/p>\n<p><strong>\u00a0<\/strong><\/p>\n","protected":false},"excerpt":{"rendered":"<p>le12.ma: Sport Le milieu de terrain de la s\u00e9lection nationale marocaine, Fay\u00e7al Fajr, est le seul cas positif au Covid-19 parmi les Lions de l&rsquo;Atlas, indique dimanche la F\u00e9d\u00e9ration royale marocaine de football (FRMF) sur son site officiel. \u00ab\u00a0En application du protocole m\u00e9dical mis en place par la Conf\u00e9d\u00e9ration africaine de football (CAF) lors de [&hellip;]<\/p>\n","protected":false},"author":2,"featured_media":22511,"comment_status":"open","ping_status":"open","sticky":false,"template":"","format":"standard","meta":[],"categories":[27],"tags":[8680,8681,8547,566,8682],"yst_prominent_words":[2615,1565,1071,2093,1599,6102,6099,310,365],"jetpack_featured_media_url":"https:\/\/le12.ma\/fr\/wp-content\/uploads\/2022\/01\/seance-entrainement-maroc.jpg","_links":{"self":[{"href":"https:\/\/le12.ma\/fr\/wp-json\/wp\/v2\/posts\/22510"}],"collection":[{"href":"https:\/\/le12.ma\/fr\/wp-json\/wp\/v2\/posts"}],"about":[{"href":"https:\/\/le12.ma\/fr\/wp-json\/wp\/v2\/types\/post"}],"author":[{"embeddable":true,"href":"https:\/\/le12.ma\/fr\/wp-json\/wp\/v2\/users\/2"}],"replies":[{"embeddable":true,"href":"https:\/\/le12.ma\/fr\/wp-json\/wp\/v2\/comments?post=22510"}],"version-history":[{"count":1,"href":"https:\/\/le12.ma\/fr\/wp-json\/wp\/v2\/posts\/22510\/revisions"}],"predecessor-version":[{"id":22512,"href":"https:\/\/le12.ma\/fr\/wp-json\/wp\/v2\/posts\/22510\/revisions\/22512"}],"wp:featuredmedia":[{"embeddable":true,"href":"https:\/\/le12.ma\/fr\/wp-json\/wp\/v2\/media\/22511"}],"wp:attachment":[{"href":"https:\/\/le12.ma\/fr\/wp-json\/wp\/v2\/media?parent=22510"}],"wp:term":[{"taxonomy":"category","embeddable":true,"href":"https:\/\/le12.ma\/fr\/wp-json\/wp\/v2\/categories?post=22510"},{"taxonomy":"post_tag","embeddable":true,"href":"https:\/\/le12.ma\/fr\/wp-json\/wp\/v2\/tags?post=22510"},{"taxonomy":"yst_prominent_words","embeddable":true,"href":"https:\/\/le12.ma\/fr\/wp-json\/wp\/v2\/yst_prominent_words?post=22510"}],"curies":[{"name":"wp","href":"https:\/\/api.w.org\/{rel}","templated":true}]}}