{"id":22372,"date":"2022-01-17T17:28:00","date_gmt":"2022-01-17T16:28:00","guid":{"rendered":"https:\/\/le12.ma\/fr\/?p=22372"},"modified":"2022-01-17T17:29:38","modified_gmt":"2022-01-17T16:29:38","slug":"entretien-hassan-ammari-la-societe-civile-au-service-de-la-diplomatie","status":"publish","type":"post","link":"https:\/\/le12.ma\/fr\/entretien-hassan-ammari-la-societe-civile-au-service-de-la-diplomatie\/","title":{"rendered":"Entretien.  Hassan Ammari: La soci\u00e9t\u00e9 civile au service de la diplomatie"},"content":{"rendered":"<p class=\"p1\"><strong><span class=\"s2\">\u00a0<\/span><\/strong><\/p>\n<p class=\"p1\"><em><strong><span class=\"s1\">Consid\u00e9r\u00e9 comme l\u2019une des figures embl\u00e9matiques de la soci\u00e9t\u00e9 civile nationale qui \u0153uvre inlassablement pour le renforcement des liens d\u2019amiti\u00e9 entre le Maroc et plusieurs pays \u00e9trangers, Hassan Ammari, pr\u00e9sident-fondateur<\/span> <span class=\"s1\">de<\/span> <span class=\"s1\">l\u2019Association Marocaine de Coop\u00e9ration et d\u2019Amiti\u00e9 entre les Peuples (AMCAP), nous livre dans cet entretien les multiples actions que son association a initi\u00e9 au iveau international, notamment dans les pays du Sud Est asiatique et de l\u2019Asie centrale.<\/span><\/strong><\/em><\/p>\n<p class=\"p1\"><strong><span class=\"s2\">\u00a0<\/span><\/strong><\/p>\n<p class=\"p1\"><strong><span class=\"s2\" style=\"color: #ff0000;\">&#8211; <\/span><span class=\"s1\"><span style=\"color: #ff0000;\">Comment est n\u00e9e chez vous l&rsquo;id\u00e9e de cr\u00e9er une association dont le but est de consolider les liens d&rsquo;amiti\u00e9 entre le Maroc et des pays tels que la Malaisie, le Kazakhstan ou l&rsquo;Ukraine<\/span> ?<\/span><\/strong><\/p>\n<p class=\"p2\"><strong style=\"-webkit-text-size-adjust: 100%;\"><span class=\"s2\">&#8211; L&rsquo;id\u00e9e de cr\u00e9er l&rsquo;association n&rsquo;est pas le fruit du hasard, mais le r\u00e9sultat d&rsquo;une longue exp\u00e9rience professionnelle au niveau de la haute administration. Mon but \u00e9tait de faire profiter mon pays des relations internationales que j&rsquo;ai tiss\u00e9 tout au long de plusieurs ann\u00e9es gr\u00e2ce aux postes que j\u2019ai occup\u00e9 en tant qu\u2019ancien Conseiller du Premier ministres, ainsi que dans le domaine diplomatique et protocolaire. Mon ambition a \u00e9t\u00e9 toujours de soutenir la diplomatie officielle, sachant pertinemment que la soci\u00e9t\u00e9 civile dispose de cette capacit\u00e9 d&rsquo;\u00eatre en contact direct avec les opinions publiques locales et les d\u00e9cideurs et responsables concern\u00e9s. A mon humble avis, la diplomatie parall\u00e8le joue un r\u00f4le capital dans la d\u00e9fense des int\u00e9r\u00eats supr\u00eames de notre pays et de l\u2019image de marque qu\u2019il v\u00e9hicule. S.M le Roi Mohammed VI que Dieu l\u2019assiste, a toujours appel\u00e9 les Marocains, artistes, sportifs et acteurs associatifs \u00e0 \u00eatre les meilleurs ambassadeurs de leur pays. C\u2019est dans cette dynamique et cette perspective que s\u2019inscrivent les diverses actions de notre association. Les diff\u00e9rentes op\u00e9rations que nous avons organis\u00e9es en Malaisie ont \u00e9t\u00e9 couronn\u00e9s par le titre de Dato que m\u2019a d\u00e9cern\u00e9 SM Tuanku Muhriz Ibni Almarhum Tuanku Munawir, Sultan de Negeri Sembilan. Ce grand geste royal \u00a0nous incite \u00e0 aller de l\u2019avant pour faire connaitre encore plus et mieux notre culture et \u00e9galement \u00e0 mettre en place des partenariats dans plusieurs domaines.<\/span><\/strong><\/p>\n<p><img decoding=\"async\" loading=\"lazy\" class=\"alignnone size-full wp-image-22375\" src=\"https:\/\/le12.ma\/fr\/wp-content\/uploads\/2022\/01\/67F7993B-BE16-46E5-9E40-3C7148B5A320.jpeg\" alt=\"\" width=\"757\" height=\"676\" srcset=\"https:\/\/le12.ma\/fr\/wp-content\/uploads\/2022\/01\/67F7993B-BE16-46E5-9E40-3C7148B5A320.jpeg 757w, https:\/\/le12.ma\/fr\/wp-content\/uploads\/2022\/01\/67F7993B-BE16-46E5-9E40-3C7148B5A320-300x268.jpeg 300w\" sizes=\"(max-width: 757px) 100vw, 757px\" \/><\/p>\n<p class=\"p1\"><span style=\"color: #ff0000;\"><strong><span class=\"s2\">&#8211; <\/span><span class=\"s1\">Compte tenu de vos relations avec les diff\u00e9rents responsables malaisiens et les multiples voyages que vous avez effectu\u00e9 en Malaisie, comment est per\u00e7u le Maroc dans ce pays\u00a0?<\/span><\/strong><\/span><\/p>\n<p class=\"p1\"><strong><span class=\"s2\">\u00a0&#8211; Notre pays jouit d&rsquo;une grande estime aupr\u00e8s des Malaisiens qui le consid\u00e8rent comme un mod\u00e8le de tol\u00e9rance et de coexistence entre les peuples et les religions. Ils ont beaucoup de respect pour notre grande histoire, pour nos institutions sacr\u00e9es et pour la dimension soufie de notre h\u00e9ritage spirituel. A noter \u00e0 cet effet, les grandes festivit\u00e9s organis\u00e9es \u00e0 l\u2019occasion du 71\u00e8me anniversaire \u00a0du Sultan de Negeri Sembilan, S.M Tuanku Muhriz Ibni Almarhum Tuanku Munawir, o\u00f9 \u00a0un groupe de Mounchidines marocains ont fait sensation \u00e0 la soir\u00e9e de Madih , organis\u00e9e \u00e0 cette occasion, par le Majlis de Simbilan en collaboration avec notre association l\u2019AMCAP. Rappelons par ailleurs, le magnifique pavillon \u00ab\u00a0Astaka Morocco\u00a0\u00bb, situ\u00e9 dans le jardin botanique de la ville malaisienne Putrajaya. Un espace qui met en valeur l\u2019architecture marocaine et le savoir-faire ancestral des artisans marocains. D\u2019un autre c\u00f4t\u00e9, une forte d\u00e9l\u00e9gation malaisienne compos\u00e9e de pr\u00e8s de 90 personnes, parmi lesquelles de grandes personnalit\u00e9s ont visit\u00e9, il y a juste quelques ann\u00e9es, \u00a0les diff\u00e9rentes villes et r\u00e9gions du Royaume, telles que Marrakech, F\u00e8s, Rabat ou Tanger. C\u2019\u00e9tait pour eux l\u2019occasion de d\u00e9couvrir des sites historiques \u00e0 l\u2019instar de l\u2019universit\u00e9 et la mosqu\u00e9e Al Quaraouiyine, le Mausol\u00e9e Mohammed V et la Tour Hassan, la mosqu\u00e9e la Koutoubia\u2026 Cette aura dont jouit notre pays, m&rsquo;a confort\u00e9 dans cette volont\u00e9 de pers\u00e9v\u00e9rer et de multiplier les efforts pour consolider davantage les liens d\u2019amiti\u00e9 entre les deux pays fr\u00e8res.<\/span><\/strong><\/p>\n<p class=\"p1\"><span style=\"color: #ff0000;\"><strong><span class=\"s2\">&#8211; <\/span><span class=\"s1\">Pourquoi votre association a port\u00e9 son choix sur les pays en majorit\u00e9 d&rsquo;Asie centrale et d&rsquo;Asie du Sud-Est Asiatique ?<\/span><\/strong><\/span><\/p>\n<p class=\"p1\"><strong><span class=\"s2\">Nous avons choisi cette r\u00e9gion du monde pour trois raisons essentielles. Tout d\u2019abord, ce sont des pays qui ont beaucoup d\u2019estime pour le Maroc. En plus ils disposent d\u2019atouts et de potentialit\u00e9s \u00e9conomiques et naturelles \u00e9normes. Enfin c\u2019est une partie du monde o\u00f9 la soci\u00e9t\u00e9 civile marocaine est peu repr\u00e9sent\u00e9e. En ce qui concerne notre association, depuis sa cr\u00e9ation, le 16 janvier 2015, nous avons conclu pr\u00e8s de 12 conventions de partenariat et de coop\u00e9ration avec la Malaisie et qui concernent essentiellement l\u2019enseignement sup\u00e9rieur et la formation d\u2019\u00e9tudiants malaisiens \u00e0 l\u2019universit\u00e9 Mohammed V de Rabat et l\u2019universit\u00e9 Al Quaraouiyine. En vue de renforcer cet esprit de coop\u00e9ration, la facult\u00e9 islamique internationale Assafa en Malaisie a cr\u00e9\u00e9 la chaire Imam Ahmed Ibn Idriss des \u00e9tudes islamiques \u00e0 la facult\u00e9 des Lettres et Sciences humaines de Rabat.<br \/>\nNous le consid\u00e9rons comme un pont acad\u00e9mique et culturel entre la Malaise et le Maroc. Avec ce pays nous sommes en train d\u2019\u00e9laborer un projet concernant le tourisme spirituel. Nous avons \u00e9galement des projets futurs dans divers domaines de l\u2019\u00e9ducation, de la culture et de l\u2019\u00e9conomie avec la Chine, l\u2019Ukraine et le Kazakhstan.<br \/>\nCe dernier pays qui vient d\u2019ouvrir son ambassade \u00e0 Rabat a exprim\u00e9 sa forte volont\u00e9 de d\u00e9velopper ses relations avec le Maroc dans les divers domaines \u00e9conomiques. Notre association entretient de tr\u00e8s bons rapports avec des responsables du Kazakhstan, notamment avec l\u2019ambassade de ce grand pays d\u2019Asie centrale.<\/span><\/strong><\/p>\n<p><img decoding=\"async\" loading=\"lazy\" class=\"alignnone size-full wp-image-22374\" src=\"https:\/\/le12.ma\/fr\/wp-content\/uploads\/2022\/01\/9FD011F2-03F1-4C65-A8FB-6A754EDE81E3.jpeg\" alt=\"\" width=\"293\" height=\"381\" srcset=\"https:\/\/le12.ma\/fr\/wp-content\/uploads\/2022\/01\/9FD011F2-03F1-4C65-A8FB-6A754EDE81E3.jpeg 293w, https:\/\/le12.ma\/fr\/wp-content\/uploads\/2022\/01\/9FD011F2-03F1-4C65-A8FB-6A754EDE81E3-231x300.jpeg 231w\" sizes=\"(max-width: 293px) 100vw, 293px\" \/><\/p>\n<p class=\"p1\"><span style=\"color: #ff0000;\"><strong><span class=\"s2\">&#8211; <\/span><span class=\"s1\">Vous avez \u00e9t\u00e9 d\u00e9cor\u00e9 par<\/span> <span class=\"s1\">le Sultan de Negeri Sembilan, S.M Tuanku Muhriz Ibni Almarhum Tuanku Munawir et vous a aussi remis la plus haute distinction de Malaisie. Que signifie pour vous ce geste hautement symbolique honorifique\u00a0?<\/span><\/strong><\/span><\/p>\n<p class=\"p1\"><strong><span class=\"s2\">&#8211; Au-del\u00e0 de ma modeste personne, c&rsquo;est un geste royal qui honore mon pays. Le titre Dato que m\u2019a remis le Sultan de l\u2019Etat de Negeri Sembilan est r\u00e9serv\u00e9 aux personnalit\u00e9s nationales et \u00e9trang\u00e8res ayant rendu de grands services au pays. C\u2019est, en quelque sorte, une reconnaissance des efforts d\u00e9ploy\u00e9s par notre association pour le rapprochement entre les deux peuples et les deux pays. Des efforts qui, gr\u00e2ce \u00e0 Dieu, ont \u00e9t\u00e9 couronn\u00e9s de succ\u00e8s et qui se sont traduit par l\u2019\u00e9laboration de plusieurs projets et la r\u00e9alisation de plusieurs op\u00e9rations. Au Cas o\u00f9 les conditions sanitaires le permettent, l\u2019ann\u00e9e 2022 s\u2019annonce sous de bons auspice.<\/span><\/strong><\/p>\n<p class=\"p1\"><span style=\"color: #ff0000;\"><strong><span class=\"s2\">*Entretien r\u00e9alis\u00e9 par Driss Lyakoubi<\/span><\/strong><\/span><\/p>\n","protected":false},"excerpt":{"rendered":"<p>\u00a0 Consid\u00e9r\u00e9 comme l\u2019une des figures embl\u00e9matiques de la soci\u00e9t\u00e9 civile nationale qui \u0153uvre inlassablement pour le renforcement des liens d\u2019amiti\u00e9 entre le Maroc et plusieurs pays \u00e9trangers, Hassan Ammari, pr\u00e9sident-fondateur de l\u2019Association Marocaine de Coop\u00e9ration et d\u2019Amiti\u00e9 entre les Peuples (AMCAP), nous livre dans cet entretien les multiples actions que son association a initi\u00e9 [&hellip;]<\/p>\n","protected":false},"author":2,"featured_media":22377,"comment_status":"open","ping_status":"open","sticky":false,"template":"","format":"standard","meta":[],"categories":[26,22,54,24],"tags":[8640,8638,8639,6915,8636,8637,182,8586,6624],"yst_prominent_words":[98],"jetpack_featured_media_url":"https:\/\/le12.ma\/fr\/wp-content\/uploads\/2022\/01\/BDC70DA8-7012-4B5A-ADFD-772A7C403594.jpeg","_links":{"self":[{"href":"https:\/\/le12.ma\/fr\/wp-json\/wp\/v2\/posts\/22372"}],"collection":[{"href":"https:\/\/le12.ma\/fr\/wp-json\/wp\/v2\/posts"}],"about":[{"href":"https:\/\/le12.ma\/fr\/wp-json\/wp\/v2\/types\/post"}],"author":[{"embeddable":true,"href":"https:\/\/le12.ma\/fr\/wp-json\/wp\/v2\/users\/2"}],"replies":[{"embeddable":true,"href":"https:\/\/le12.ma\/fr\/wp-json\/wp\/v2\/comments?post=22372"}],"version-history":[{"count":2,"href":"https:\/\/le12.ma\/fr\/wp-json\/wp\/v2\/posts\/22372\/revisions"}],"predecessor-version":[{"id":22378,"href":"https:\/\/le12.ma\/fr\/wp-json\/wp\/v2\/posts\/22372\/revisions\/22378"}],"wp:featuredmedia":[{"embeddable":true,"href":"https:\/\/le12.ma\/fr\/wp-json\/wp\/v2\/media\/22377"}],"wp:attachment":[{"href":"https:\/\/le12.ma\/fr\/wp-json\/wp\/v2\/media?parent=22372"}],"wp:term":[{"taxonomy":"category","embeddable":true,"href":"https:\/\/le12.ma\/fr\/wp-json\/wp\/v2\/categories?post=22372"},{"taxonomy":"post_tag","embeddable":true,"href":"https:\/\/le12.ma\/fr\/wp-json\/wp\/v2\/tags?post=22372"},{"taxonomy":"yst_prominent_words","embeddable":true,"href":"https:\/\/le12.ma\/fr\/wp-json\/wp\/v2\/yst_prominent_words?post=22372"}],"curies":[{"name":"wp","href":"https:\/\/api.w.org\/{rel}","templated":true}]}}