{"id":22356,"date":"2022-01-17T11:51:12","date_gmt":"2022-01-17T10:51:12","guid":{"rendered":"https:\/\/le12.ma\/fr\/?p=22356"},"modified":"2022-01-17T11:51:12","modified_gmt":"2022-01-17T10:51:12","slug":"rabat-conference-de-presse-de-lambassade-du-kazakhstan","status":"publish","type":"post","link":"https:\/\/le12.ma\/fr\/rabat-conference-de-presse-de-lambassade-du-kazakhstan\/","title":{"rendered":"Rabat.. Conf\u00e9rence de presse de l\u2019ambassade du Kazakhstan"},"content":{"rendered":"<p><span style=\"color: #ff0000;\"><strong>*Par-Driss Lyakoubi<\/strong><\/span><\/p>\n<p><strong>L\u2019ambassadrice du Kazakhstan au Maroc, Saulekul Saylaukyzy, a donn\u00e9 lundi une conf\u00e9rence de presse consacr\u00e9e \u00e0 la situation dans son pays. <\/strong><\/p>\n<p><strong>La diplomate a rappel\u00e9, de prime abord, que le Kazakhstan a \u00e9t\u00e9 le th\u00e9\u00e2tre d\u2019une agression arm\u00e9e orchestr\u00e9e par des groupes terroristes entra\u00een\u00e9s \u00e0 l\u2019\u00e9tranger, en ajoutant que parmi les assaillants figuraient des individus ayant acquis une exp\u00e9rience dans des zones de combats \u00e0 travers le monde o\u00f9 s\u00e9vissaient des groupes islamistes extr\u00e9mistes.<\/strong><\/p>\n<p><strong>Mme Saulekul Saylaukyzy a pr\u00e9cis\u00e9, lors de cette rencontre avec la presse qui s\u2019est tenue au si\u00e8ge de l\u2019ambassade \u00e0 Rabat, que les manifestations dans l\u2019ouest du Kazakhstan, notamment \u00e0 la ville d\u2019Almaty, rev\u00eataient au d\u00e9but un caract\u00e8re pacifique et les manifestants scandaient des revendications de nature sociale.\u00a0 <\/strong><\/p>\n<p><strong>Selon l\u2019ambassadrice, les assaillants n\u2019avaient pas l\u2019intention de n\u00e9gocier avec les autorit\u00e9s, mais visaient plut\u00f4t \u00e0 renverser l\u2019ordre constitutionnel par la force. La diplomate a indiqu\u00e9, \u00e0, cet effet, que le Pr\u00e9sident de la R\u00e9publique du Kazakhstan, Kassym-Jomart Toke\u00efev a r\u00e9agi favorablement et rapidement aux revendications des citoyens et a donn\u00e9 ses instructions au gouvernement pour r\u00e9duire les prix du gaz et d\u2019appliquer un moratoire sur l\u2019augmentation des prix de produits alimentaires de base, du carburant et des services collectifs.<\/strong><\/p>\n<p><strong>\u00abCes mesures t\u00e9moignaient d\u2019une volont\u00e9 politique qui ne souffre d\u2019aucune ambigu\u00eft\u00e9 et qui vise \u00e0 r\u00e9soudre les diff\u00e9rends par la voix du dialogue\u00bb, explique-t-elle en substance.<\/strong><\/p>\n<p><strong>Concernant le d\u00e9ploiement des forces de maintien de l\u2019ordre des Etats membres de l\u2019Organisation du trait\u00e9 de s\u00e9curit\u00e9 collective (OTSC), Mme l\u2019ambassadrice a \u00e9t\u00e9 cat\u00e9gorique. Elle a soulign\u00e9 que leur pr\u00e9sence a fait suite \u00e0 une demande du Pr\u00e9sident du Kazakhstan. Et ce, conform\u00e9ment aux articles 2 et 4 du trait\u00e9 de s\u00e9curit\u00e9 collective.<\/strong><\/p>\n<p><strong>\u00a0\u00abLes soldats de la paix, r\u00e9v\u00e8le-t-elle, sont mandat\u00e9s \u00e0 prot\u00e9ger les installations strat\u00e9giques et \u00e0 couvrir les forces de l\u2019ordre kazakhstanaises, alors que les principales op\u00e9rations militaires contre les groupes terroristes sont assur\u00e9es par les forces de l\u2019ordre et les forces arm\u00e9es du Kazakhstan\u00bb.<\/strong><\/p>\n<p><strong>En guise de conclusion, Mme Saulekul Saylaukyzy a d\u00e9plor\u00e9 les pertes humaines parmi les forces de l\u2019ordre, les soldats et les civils. <\/strong><\/p>\n<p><strong>\u00abC\u2019est une \u00e9norme trag\u00e9die pour nous, pour les proches des victimes et pour tout le Peuple du Kazakhstan\u00bb, a-t-elle ajout\u00e9.<\/strong><\/p>\n<p><strong>Tous les observateurs internationaux s\u2019accordent \u00e0 dire que la situation au Kazakhstan est revenue \u00e0 la normale, apr\u00e8s plusieurs jours de perturbations.\u00a0 Selon plusieurs journalistes sur place, hormis quelques b\u00e2timents calcin\u00e9s sur la place centrale, la ville d\u2019Almaty a retrouv\u00e9 son clame d\u2019avant.<\/strong><\/p>\n","protected":false},"excerpt":{"rendered":"<p>*Par-Driss Lyakoubi L\u2019ambassadrice du Kazakhstan au Maroc, Saulekul Saylaukyzy, a donn\u00e9 lundi une conf\u00e9rence de presse consacr\u00e9e \u00e0 la situation dans son pays. La diplomate a rappel\u00e9, de prime abord, que le Kazakhstan a \u00e9t\u00e9 le th\u00e9\u00e2tre d\u2019une agression arm\u00e9e orchestr\u00e9e par des groupes terroristes entra\u00een\u00e9s \u00e0 l\u2019\u00e9tranger, en ajoutant que parmi les assaillants figuraient [&hellip;]<\/p>\n","protected":false},"author":2,"featured_media":22357,"comment_status":"open","ping_status":"open","sticky":false,"template":"","format":"standard","meta":[],"categories":[22],"tags":[8632,6951,8633,182,8634,5112],"yst_prominent_words":[2536,5953,235,192],"jetpack_featured_media_url":"https:\/\/le12.ma\/fr\/wp-content\/uploads\/2022\/01\/270186303_1077070029753851_626307553630817822_n.jpg","_links":{"self":[{"href":"https:\/\/le12.ma\/fr\/wp-json\/wp\/v2\/posts\/22356"}],"collection":[{"href":"https:\/\/le12.ma\/fr\/wp-json\/wp\/v2\/posts"}],"about":[{"href":"https:\/\/le12.ma\/fr\/wp-json\/wp\/v2\/types\/post"}],"author":[{"embeddable":true,"href":"https:\/\/le12.ma\/fr\/wp-json\/wp\/v2\/users\/2"}],"replies":[{"embeddable":true,"href":"https:\/\/le12.ma\/fr\/wp-json\/wp\/v2\/comments?post=22356"}],"version-history":[{"count":1,"href":"https:\/\/le12.ma\/fr\/wp-json\/wp\/v2\/posts\/22356\/revisions"}],"predecessor-version":[{"id":22358,"href":"https:\/\/le12.ma\/fr\/wp-json\/wp\/v2\/posts\/22356\/revisions\/22358"}],"wp:featuredmedia":[{"embeddable":true,"href":"https:\/\/le12.ma\/fr\/wp-json\/wp\/v2\/media\/22357"}],"wp:attachment":[{"href":"https:\/\/le12.ma\/fr\/wp-json\/wp\/v2\/media?parent=22356"}],"wp:term":[{"taxonomy":"category","embeddable":true,"href":"https:\/\/le12.ma\/fr\/wp-json\/wp\/v2\/categories?post=22356"},{"taxonomy":"post_tag","embeddable":true,"href":"https:\/\/le12.ma\/fr\/wp-json\/wp\/v2\/tags?post=22356"},{"taxonomy":"yst_prominent_words","embeddable":true,"href":"https:\/\/le12.ma\/fr\/wp-json\/wp\/v2\/yst_prominent_words?post=22356"}],"curies":[{"name":"wp","href":"https:\/\/api.w.org\/{rel}","templated":true}]}}