{"id":2217,"date":"2020-08-24T23:28:14","date_gmt":"2020-08-24T22:28:14","guid":{"rendered":"https:\/\/le12.ma\/fr\/?p=2217"},"modified":"2020-08-24T23:28:14","modified_gmt":"2020-08-24T22:28:14","slug":"lactrice-et-ancienne-ministre-de-la-culture-touria-jebrane-tire-sa-reverence","status":"publish","type":"post","link":"https:\/\/le12.ma\/fr\/lactrice-et-ancienne-ministre-de-la-culture-touria-jebrane-tire-sa-reverence\/","title":{"rendered":"L\u2019actrice et ancienne ministre de la Culture, Touria Jebrane, tire sa r\u00e9v\u00e9rence"},"content":{"rendered":"<p><span style=\"color: #ff0000;\"><strong>Rabat \u2013 le12<\/strong><\/span><\/p>\n<p><strong>La grande ic\u00f4ne du th\u00e9\u00e2tre et ancienne ministre de la Culture, Touria Jebrane, s\u2019est \u00e9teinte lundi \u00e0 Casablanca \u00e0 l\u2019\u00e2ge de 68 ans des suites d\u2019une longue maladie, a-t-on appris aupr\u00e8s de sa famille.<\/strong><\/p>\n<p><strong>Personnalit\u00e9 incontournable du th\u00e9\u00e2tre marocain, Touria Jebrane, qui a \u00e9galement marqu\u00e9 de son empreinte la t\u00e9l\u00e9vision et le grand \u00e9cran, avait forg\u00e9 une carri\u00e8re faite de r\u00e9ussites et de grandes contributions durant les ann\u00e9es 70, 80 et 90. Elle avait contribu\u00e9 \u00e0 la fondation de plusieurs troupes dont Masrah Achaab (th\u00e9\u00e2tre du peuple), Masrah Al Fourja, et Masrah al fannanin al mouttahidine (th\u00e9\u00e2tre des artistes unis).<\/strong><\/p>\n<p><strong>Avec feu Tayeb Saddiqi, autre monstre sacr\u00e9 du th\u00e9\u00e2tre, elle avait entam\u00e9 une \u00e9tape particuli\u00e8re de sa carri\u00e8re artistique dans le cadre de la troupe Masrah Annas (th\u00e9\u00e2tre des gens), qui a r\u00e9alis\u00e9 des pi\u00e8ces de th\u00e9\u00e2tre ayant marqu\u00e9 d\u2019une pierre blanche la sc\u00e8ne artistique, comme Sidi Abderrahmane el Majdoube et Abou Hayyan Attaouhidi.<\/strong><\/p>\n<p><strong>Aux c\u00f4t\u00e9s du dramaturge Abdelouahed Ouzari, la d\u00e9funte avait co-fond\u00e9 une nouvelle troupe qui aspirait \u00e0 redonner son \u00e9clat au th\u00e9\u00e2tre marocain et \u00e0 hisser son niveau par le biais de pi\u00e8ces th\u00e9\u00e2trales rest\u00e9es grav\u00e9es dans la m\u00e9moire du public marocain et au-del\u00e0.<\/strong><\/p>\n<p><strong>Touria Jebrane, qui \u00e9tait nomm\u00e9e entre 2007 et 2009 ministre de la Culture, avait poursuivi ses \u00e9tudes primaires et secondaires \u00e0 Casablanca. Elle \u00e9tait dipl\u00f4m\u00e9e du Conservatoire national du minist\u00e8re d\u2019Etat charg\u00e9 des affaires culturelles et de l\u2019enseignement originel.<\/strong><\/p>\n<p><strong>En tant que membre de l\u2019ex\u00e9cutif, la d\u00e9funte suivait de tr\u00e8s pr\u00e8s la r\u00e9alisation des grands chantiers artistique de la ville de Rabat, la Biblioth\u00e8que nationale, le mus\u00e9e national et le grand th\u00e9\u00e2tre de Rabat \u00e0 leur t\u00eate. Elle accordait une attention particuli\u00e8re \u00e0 la situation des artistes marocains.<\/strong><\/p>\n<p><strong>Touria Jebrane avait remport\u00e9 plusieurs prix et distinctions dans plusieurs festivals nationaux, arabes et internationaux. D\u00e9cor\u00e9e par Feu SM Hassan II du Wissam du m\u00e9rite national, elle \u00e9tait \u00e9galement Chevalier de l\u2019Ordre des Arts et Lettres de la r\u00e9publique fran\u00e7aise.<\/strong><\/p>\n","protected":false},"excerpt":{"rendered":"<p>Rabat \u2013 le12 La grande ic\u00f4ne du th\u00e9\u00e2tre et ancienne ministre de la Culture, Touria Jebrane, s\u2019est \u00e9teinte lundi \u00e0 Casablanca \u00e0 l\u2019\u00e2ge de 68 ans des suites d\u2019une longue maladie, a-t-on appris aupr\u00e8s de sa famille. Personnalit\u00e9 incontournable du th\u00e9\u00e2tre marocain, Touria Jebrane, qui a \u00e9galement marqu\u00e9 de son empreinte la t\u00e9l\u00e9vision et le [&hellip;]<\/p>\n","protected":false},"author":4,"featured_media":2218,"comment_status":"open","ping_status":"open","sticky":false,"template":"","format":"standard","meta":[],"categories":[26,31,24],"tags":[],"yst_prominent_words":[138,2849,80,583,3938,454,3185,193,258,299],"jetpack_featured_media_url":"https:\/\/le12.ma\/fr\/wp-content\/uploads\/2020\/08\/JABRAN_317449003.jpg","_links":{"self":[{"href":"https:\/\/le12.ma\/fr\/wp-json\/wp\/v2\/posts\/2217"}],"collection":[{"href":"https:\/\/le12.ma\/fr\/wp-json\/wp\/v2\/posts"}],"about":[{"href":"https:\/\/le12.ma\/fr\/wp-json\/wp\/v2\/types\/post"}],"author":[{"embeddable":true,"href":"https:\/\/le12.ma\/fr\/wp-json\/wp\/v2\/users\/4"}],"replies":[{"embeddable":true,"href":"https:\/\/le12.ma\/fr\/wp-json\/wp\/v2\/comments?post=2217"}],"version-history":[{"count":1,"href":"https:\/\/le12.ma\/fr\/wp-json\/wp\/v2\/posts\/2217\/revisions"}],"predecessor-version":[{"id":2219,"href":"https:\/\/le12.ma\/fr\/wp-json\/wp\/v2\/posts\/2217\/revisions\/2219"}],"wp:featuredmedia":[{"embeddable":true,"href":"https:\/\/le12.ma\/fr\/wp-json\/wp\/v2\/media\/2218"}],"wp:attachment":[{"href":"https:\/\/le12.ma\/fr\/wp-json\/wp\/v2\/media?parent=2217"}],"wp:term":[{"taxonomy":"category","embeddable":true,"href":"https:\/\/le12.ma\/fr\/wp-json\/wp\/v2\/categories?post=2217"},{"taxonomy":"post_tag","embeddable":true,"href":"https:\/\/le12.ma\/fr\/wp-json\/wp\/v2\/tags?post=2217"},{"taxonomy":"yst_prominent_words","embeddable":true,"href":"https:\/\/le12.ma\/fr\/wp-json\/wp\/v2\/yst_prominent_words?post=2217"}],"curies":[{"name":"wp","href":"https:\/\/api.w.org\/{rel}","templated":true}]}}