{"id":216,"date":"2020-07-13T12:06:01","date_gmt":"2020-07-13T11:06:01","guid":{"rendered":"https:\/\/le12.ma\/fr\/?p=216"},"modified":"2020-07-13T15:05:57","modified_gmt":"2020-07-13T14:05:57","slug":"fkih-ben-saleh-aucun-rapport-entre-les-recentes-perturbations-dans-la-distribution-deau-potable-et-la-capacite-de-production-des-ressources-hydriques-de-lonee","status":"publish","type":"post","link":"https:\/\/le12.ma\/fr\/fkih-ben-saleh-aucun-rapport-entre-les-recentes-perturbations-dans-la-distribution-deau-potable-et-la-capacite-de-production-des-ressources-hydriques-de-lonee\/","title":{"rendered":"Fkih Ben Saleh: Aucun rapport entre les r\u00e9centes perturbations dans la distribution d\u2019eau potable et la capacit\u00e9 de production des ressources hydriques de l\u2019ONEE"},"content":{"rendered":"<p><strong><span style=\"color: #ff0000;\">Rabat \u2013 le12<\/span><\/strong><\/p>\n<p><strong> L\u2019Office national de l\u2019\u00e9lectricit\u00e9 et de l\u2019eau potable (ONEE) a affirm\u00e9, dimanche, que les perturbations relev\u00e9es r\u00e9cemment dans la distribution d\u2019eau potable dans la ville de Fkih Ben Saleh, apr\u00e8s la r\u00e9paration le 4 juillet d\u2019une panne technique au niveau d\u2019une nappe phr\u00e9atique, n\u2019ont aucun rapport avec la capacit\u00e9 de production des ressources hydriques relevant de l\u2019Office.<\/strong><\/p>\n<p><strong>Dans une mise au point en r\u00e9ponse \u00e0 certaines \u201ccontre-v\u00e9rit\u00e9s\u201d v\u00e9hicul\u00e9es par des sites \u00e9lectroniques, le directeur r\u00e9gional de l\u2019Office a expliqu\u00e9 que les perturbations dans l\u2019approvisionnement en eau potable qu\u2019a connues la ville en raison d\u2019une panne technique ont \u00e9t\u00e9 r\u00e9solues suite \u00e0 l\u2019intervention r\u00e9ussie des \u00e9quipes maintenance de l\u2019ONEE le 7 juillet.<\/strong><\/p>\n<p><strong>Le responsable a en outre indiqu\u00e9 que les installations de production d\u2019eau potable ont r\u00e9cup\u00e9r\u00e9 leur enti\u00e8re capacit\u00e9 apr\u00e8s la r\u00e9paration de la panne susmentionn\u00e9e.<\/strong><\/p>\n<p><strong>Il a par ailleurs not\u00e9 que la mission de l\u2019Office au niveau de la ville de Fkih Ben Saleh se limite \u00e0 assurer la production r\u00e9guli\u00e8re et suffisante d\u2019eau potable \u00e0 partir de la nappe phr\u00e9atique de Ouled Abdellah qui comprend cinq nappes d\u2019un d\u00e9bit global de pr\u00e8s de 300 L\/S.<\/strong><\/p>\n<p><strong>Concernant la distribution d\u2019eau potable dans cette ville, le directeur r\u00e9gional de l\u2019Office a soulign\u00e9 que cette op\u00e9ration n\u2019est pas du ressort de l\u2019ONEE.<\/strong><\/p>\n","protected":false},"excerpt":{"rendered":"<p>Rabat \u2013 le12 L\u2019Office national de l\u2019\u00e9lectricit\u00e9 et de l\u2019eau potable (ONEE) a affirm\u00e9, dimanche, que les perturbations relev\u00e9es r\u00e9cemment dans la distribution d\u2019eau potable dans la ville de Fkih Ben Saleh, apr\u00e8s la r\u00e9paration le 4 juillet d\u2019une panne technique au niveau d\u2019une nappe phr\u00e9atique, n\u2019ont aucun rapport avec la capacit\u00e9 de production des [&hellip;]<\/p>\n","protected":false},"author":3,"featured_media":217,"comment_status":"open","ping_status":"open","sticky":false,"template":"","format":"standard","meta":[],"categories":[28,24],"tags":[439,437,441,438,440],"yst_prominent_words":[428,434,423,431,420,426,421,427,422,433,430,435,429,432,436,425,402,424,419,418],"jetpack_featured_media_url":"https:\/\/le12.ma\/fr\/wp-content\/uploads\/2020\/07\/onee-Fkih-Ben-Saleh-Aucun-rapport-entre-les-r\u00e9centes-perturbations-dans-la-distribution-d\u2019eau-potable-et-la-capacit\u00e9-de-production-des-ressources-hydriques-de-l\u2019ONEE.jpg","_links":{"self":[{"href":"https:\/\/le12.ma\/fr\/wp-json\/wp\/v2\/posts\/216"}],"collection":[{"href":"https:\/\/le12.ma\/fr\/wp-json\/wp\/v2\/posts"}],"about":[{"href":"https:\/\/le12.ma\/fr\/wp-json\/wp\/v2\/types\/post"}],"author":[{"embeddable":true,"href":"https:\/\/le12.ma\/fr\/wp-json\/wp\/v2\/users\/3"}],"replies":[{"embeddable":true,"href":"https:\/\/le12.ma\/fr\/wp-json\/wp\/v2\/comments?post=216"}],"version-history":[{"count":3,"href":"https:\/\/le12.ma\/fr\/wp-json\/wp\/v2\/posts\/216\/revisions"}],"predecessor-version":[{"id":220,"href":"https:\/\/le12.ma\/fr\/wp-json\/wp\/v2\/posts\/216\/revisions\/220"}],"wp:featuredmedia":[{"embeddable":true,"href":"https:\/\/le12.ma\/fr\/wp-json\/wp\/v2\/media\/217"}],"wp:attachment":[{"href":"https:\/\/le12.ma\/fr\/wp-json\/wp\/v2\/media?parent=216"}],"wp:term":[{"taxonomy":"category","embeddable":true,"href":"https:\/\/le12.ma\/fr\/wp-json\/wp\/v2\/categories?post=216"},{"taxonomy":"post_tag","embeddable":true,"href":"https:\/\/le12.ma\/fr\/wp-json\/wp\/v2\/tags?post=216"},{"taxonomy":"yst_prominent_words","embeddable":true,"href":"https:\/\/le12.ma\/fr\/wp-json\/wp\/v2\/yst_prominent_words?post=216"}],"curies":[{"name":"wp","href":"https:\/\/api.w.org\/{rel}","templated":true}]}}