{"id":21480,"date":"2021-11-29T12:26:22","date_gmt":"2021-11-29T11:26:22","guid":{"rendered":"https:\/\/le12.ma\/fr\/?p=21480"},"modified":"2021-11-29T13:03:33","modified_gmt":"2021-11-29T12:03:33","slug":"brillante-participation-du-maroc-au-bazar-diplomatique-de-bienfaisance-a-varsovie-culture-et-media","status":"publish","type":"post","link":"https:\/\/le12.ma\/fr\/brillante-participation-du-maroc-au-bazar-diplomatique-de-bienfaisance-a-varsovie-culture-et-media\/","title":{"rendered":"Brillante participation du Maroc au Bazar diplomatique de bienfaisance \u00e0 Varsovie"},"content":{"rendered":"<p><span style=\"color: #ff0000;\"><strong>Varsovie: (MAP)+(le12)<\/strong><\/span><\/p>\n<p><strong>Le Maroc a pris part, dimanche \u00e0 Varsovie, au traditionnel Bazar diplomatique de bienfaisance, organis\u00e9 par le corps diplomatique accr\u00e9dit\u00e9 en Pologne.<\/strong><\/p>\n<p><strong>Le Maroc a \u00e9t\u00e9 repr\u00e9sent\u00e9 \u00e0 cette manifestation par l&rsquo;ambassade du Royaume en Pologne qui a mis \u00e0 disposition une palette de produits et d&rsquo;articles illustrant le savoir faire des artisans marocains. Cette manifestation, organis\u00e9e au profit de plusieurs dizaines d&rsquo;associations caritatives polonaises, a \u00e9t\u00e9 inaugur\u00e9e par la premi\u00e8re dame de Pologne, Mme Agata Kornhauser-Duda en pr\u00e9sence de diplomates accr\u00e9dit\u00e9s en Pologne dont l\u2019ambassadeur du Maroc, Abderrahim Atmoun.<\/strong><\/p>\n<p><strong>Le Maroc a mis \u00e0 profit cette 14\u00e8me \u00e9dition du bazar diplomatique des \u0153uvres charitables pour pr\u00e9senter aux nombreux visiteurs un aper\u00e7u de la diversit\u00e9 et de la richesse culturelle marocaine.<\/strong><\/p>\n<p><strong>Le stand marocain, richement pavois\u00e9 aux couleurs nationales et d\u00e9cor\u00e9 dans la pure tradition marocaine, a connu une forte affluence et un grand succ\u00e8s aupr\u00e8s du public polonais et des autres visiteurs.<\/strong><\/p>\n<div class=\"fb-video\" data-allowfullscreen=\"true\" data-href=\"https:\/\/www.facebook.com\/le12fr\/videos\/2266904040116720\/\"><\/div>\n","protected":false},"excerpt":{"rendered":"<p>Varsovie: (MAP)+(le12) Le Maroc a pris part, dimanche \u00e0 Varsovie, au traditionnel Bazar diplomatique de bienfaisance, organis\u00e9 par le corps diplomatique accr\u00e9dit\u00e9 en Pologne. Le Maroc a \u00e9t\u00e9 repr\u00e9sent\u00e9 \u00e0 cette manifestation par l&rsquo;ambassade du Royaume en Pologne qui a mis \u00e0 disposition une palette de produits et d&rsquo;articles illustrant le savoir faire des artisans [&hellip;]<\/p>\n","protected":false},"author":2,"featured_media":21481,"comment_status":"open","ping_status":"open","sticky":false,"template":"","format":"standard","meta":[],"categories":[31,54,24],"tags":[8378,8377,6721,8254,8380,7755,8379],"yst_prominent_words":[930,259,69,244],"jetpack_featured_media_url":"https:\/\/le12.ma\/fr\/wp-content\/uploads\/2021\/11\/a1349ff8-6413-43d7-8b46-f6cfdcc71bb2.jpg","_links":{"self":[{"href":"https:\/\/le12.ma\/fr\/wp-json\/wp\/v2\/posts\/21480"}],"collection":[{"href":"https:\/\/le12.ma\/fr\/wp-json\/wp\/v2\/posts"}],"about":[{"href":"https:\/\/le12.ma\/fr\/wp-json\/wp\/v2\/types\/post"}],"author":[{"embeddable":true,"href":"https:\/\/le12.ma\/fr\/wp-json\/wp\/v2\/users\/2"}],"replies":[{"embeddable":true,"href":"https:\/\/le12.ma\/fr\/wp-json\/wp\/v2\/comments?post=21480"}],"version-history":[{"count":4,"href":"https:\/\/le12.ma\/fr\/wp-json\/wp\/v2\/posts\/21480\/revisions"}],"predecessor-version":[{"id":21485,"href":"https:\/\/le12.ma\/fr\/wp-json\/wp\/v2\/posts\/21480\/revisions\/21485"}],"wp:featuredmedia":[{"embeddable":true,"href":"https:\/\/le12.ma\/fr\/wp-json\/wp\/v2\/media\/21481"}],"wp:attachment":[{"href":"https:\/\/le12.ma\/fr\/wp-json\/wp\/v2\/media?parent=21480"}],"wp:term":[{"taxonomy":"category","embeddable":true,"href":"https:\/\/le12.ma\/fr\/wp-json\/wp\/v2\/categories?post=21480"},{"taxonomy":"post_tag","embeddable":true,"href":"https:\/\/le12.ma\/fr\/wp-json\/wp\/v2\/tags?post=21480"},{"taxonomy":"yst_prominent_words","embeddable":true,"href":"https:\/\/le12.ma\/fr\/wp-json\/wp\/v2\/yst_prominent_words?post=21480"}],"curies":[{"name":"wp","href":"https:\/\/api.w.org\/{rel}","templated":true}]}}