{"id":20311,"date":"2021-09-28T13:53:08","date_gmt":"2021-09-28T12:53:08","guid":{"rendered":"https:\/\/le12.ma\/fr\/?p=20311"},"modified":"2021-09-28T13:54:11","modified_gmt":"2021-09-28T12:54:11","slug":"rabat-portes-ouvertes-de-lexposition-delacroix-souvenirs-dun-voyage-au-maroc","status":"publish","type":"post","link":"https:\/\/le12.ma\/fr\/rabat-portes-ouvertes-de-lexposition-delacroix-souvenirs-dun-voyage-au-maroc\/","title":{"rendered":"Rabat.. Portes ouvertes de l\u2019Exposition \u00ab\u00a0Delacroix, souvenirs d\u2019un voyage au Maroc\u00a0\u00bb"},"content":{"rendered":"<p><span style=\"color: #ff0000;\"><strong>Rabat: le12.ma<\/strong><\/span><\/p>\n<p><strong>La fondation nationale des mus\u00e9es (FNM) organise, du 4 au 10 octobre, des journ\u00e9es portes ouvertes de l\u2019exposition-\u00e9v\u00e9nement \u201cDelacroix, souvenirs d\u2019un voyage au Maroc\u201d, au mus\u00e9e Mohammed VI d\u2019art moderne et contemporain.<\/strong><\/p>\n<p><strong>\u201cLa fondation nationale des mus\u00e9es accorde la gratuit\u00e9 pour la visite de l\u2019exposition Delacroix, avant sa fermeture, du 4 au 10 octobre, pour permettre aux personnes qui n\u2019ont pas eu l\u2019occasion de la d\u00e9couvrir et de voir des \u0153uvres pr\u00eat\u00e9es par de grandes institutions\u201d, indique un communiqu\u00e9 de la FNM.<\/strong><\/p>\n<p><strong>\u201cDelacroix, souvenirs d\u2019un voyage au Maroc\u201d c\u00e9l\u00e8bre le s\u00e9jour qui a marqu\u00e9 toute la carri\u00e8re de ce grand peintre, ajoute-on.<\/strong><\/p>\n<p><strong>L\u2019exposition, organis\u00e9e depuis le 6 juillet en partenariat avec le mus\u00e9e national Eug\u00e8ne-Delacroix et l\u2019\u00e9tablissement public du mus\u00e9e du Louvre, conna\u00eet un succ\u00e8s exceptionnel malgr\u00e9 la pand\u00e9mie.<\/strong><\/p>\n<p><strong>L\u2019ouverture et la gestion des mus\u00e9es au Maroc, lieux de culture et de voyage, en cette p\u00e9riode et dans le respect des mesures sanitaires, ont \u00e9t\u00e9 salu\u00e9es \u00e0 travers le monde, rel\u00e8ve la m\u00eame source.<\/strong><\/p>\n","protected":false},"excerpt":{"rendered":"<p>Rabat: le12.ma La fondation nationale des mus\u00e9es (FNM) organise, du 4 au 10 octobre, des journ\u00e9es portes ouvertes de l\u2019exposition-\u00e9v\u00e9nement \u201cDelacroix, souvenirs d\u2019un voyage au Maroc\u201d, au mus\u00e9e Mohammed VI d\u2019art moderne et contemporain. \u201cLa fondation nationale des mus\u00e9es accorde la gratuit\u00e9 pour la visite de l\u2019exposition Delacroix, avant sa fermeture, du 4 au 10 [&hellip;]<\/p>\n","protected":false},"author":2,"featured_media":20314,"comment_status":"open","ping_status":"open","sticky":false,"template":"","format":"standard","meta":[],"categories":[31,24],"tags":[7933,7932,7931],"yst_prominent_words":[2359,1468,841,1456,1453,69,1459,310,1104,2955],"jetpack_featured_media_url":"https:\/\/le12.ma\/fr\/wp-content\/uploads\/2021\/09\/FNM.jpg","_links":{"self":[{"href":"https:\/\/le12.ma\/fr\/wp-json\/wp\/v2\/posts\/20311"}],"collection":[{"href":"https:\/\/le12.ma\/fr\/wp-json\/wp\/v2\/posts"}],"about":[{"href":"https:\/\/le12.ma\/fr\/wp-json\/wp\/v2\/types\/post"}],"author":[{"embeddable":true,"href":"https:\/\/le12.ma\/fr\/wp-json\/wp\/v2\/users\/2"}],"replies":[{"embeddable":true,"href":"https:\/\/le12.ma\/fr\/wp-json\/wp\/v2\/comments?post=20311"}],"version-history":[{"count":1,"href":"https:\/\/le12.ma\/fr\/wp-json\/wp\/v2\/posts\/20311\/revisions"}],"predecessor-version":[{"id":20313,"href":"https:\/\/le12.ma\/fr\/wp-json\/wp\/v2\/posts\/20311\/revisions\/20313"}],"wp:featuredmedia":[{"embeddable":true,"href":"https:\/\/le12.ma\/fr\/wp-json\/wp\/v2\/media\/20314"}],"wp:attachment":[{"href":"https:\/\/le12.ma\/fr\/wp-json\/wp\/v2\/media?parent=20311"}],"wp:term":[{"taxonomy":"category","embeddable":true,"href":"https:\/\/le12.ma\/fr\/wp-json\/wp\/v2\/categories?post=20311"},{"taxonomy":"post_tag","embeddable":true,"href":"https:\/\/le12.ma\/fr\/wp-json\/wp\/v2\/tags?post=20311"},{"taxonomy":"yst_prominent_words","embeddable":true,"href":"https:\/\/le12.ma\/fr\/wp-json\/wp\/v2\/yst_prominent_words?post=20311"}],"curies":[{"name":"wp","href":"https:\/\/api.w.org\/{rel}","templated":true}]}}