{"id":19391,"date":"2021-08-14T12:49:48","date_gmt":"2021-08-14T11:49:48","guid":{"rendered":"https:\/\/le12.ma\/fr\/?p=19391"},"modified":"2021-08-14T12:49:48","modified_gmt":"2021-08-14T11:49:48","slug":"eliminatoires-mondial-2022-marrakech-abrite-le-7-septembre-le-match-burkina-faso-algerie","status":"publish","type":"post","link":"https:\/\/le12.ma\/fr\/eliminatoires-mondial-2022-marrakech-abrite-le-7-septembre-le-match-burkina-faso-algerie\/","title":{"rendered":"Eliminatoires Mondial-2022.. Marrakech abrite le 7 septembre le match Burkina Faso-Alg\u00e9rie"},"content":{"rendered":"<p><strong>\u00a0 <span style=\"color: #ff0000;\">\u00a0Le12.ma: Sport\u00a0 \u00a0 \u00a0 \u00a0 \u00a0 \u00a0<\/span> \u00a0 \u00a0 \u00a0 \u00a0 \u00a0\u00a0<\/strong><\/p>\n<p><strong>La ville de Marrakech abrite le 7 septembre prochain le match Burkina Faso-Alg\u00e9rie, comptant pour la 2e journ\u00e9e (Gr. A) du 2e tour des \u00e9liminatoires de la Coupe du monde 2022, a annonc\u00e9 jeudi la F\u00e9d\u00e9ration Alg\u00e9rienne de Football (FAF) sur son site officiel. <\/strong><\/p>\n<p><strong>Cette rencontre, qui se jouera au Grand stade de Marrakech, a \u00e9t\u00e9 d\u00e9localis\u00e9e en raison de la suspension par la Conf\u00e9d\u00e9ration Africaine de Football (CAF) du stade 4 ao\u00fbt de Ouagadougou pour \u00ab\u00a0non-conformit\u00e9\u00a0\u00bb.<\/strong><\/p>\n<p><strong>La s\u00e9lection alg\u00e9rienne entame ces \u00e9liminatoires \u00e0 domicile, en affrontant Djibouti le 2 septembre au stade Mustapha-Tchaker de Blida, pr\u00e9cise la m\u00eame source. <\/strong><\/p>\n<p><strong>Le Niger est l&rsquo;autre pensionnaire de cette poule.<\/strong><\/p>\n<p><strong>Initialement pr\u00e9vues d\u00e9but juin dernier, les deux premi\u00e8res journ\u00e9es des \u00e9liminatoires du Mondial-2022 avaient \u00e9t\u00e9 report\u00e9es \u00e0 septembre en raison de la pand\u00e9mie de Covid-19. <\/strong><\/p>\n<p><strong>L&rsquo;\u00e9quipe alg\u00e9rienne entrera en stage le 30 ao\u00fbt au Centre technique national de Sidi Moussa \u00e0 Alger, soit \u00e0 trois jours du premier match face \u00e0 Djibouti.<\/strong><\/p>\n<p><strong>\u00a0<\/strong><\/p>\n","protected":false},"excerpt":{"rendered":"<p>\u00a0 \u00a0Le12.ma: Sport\u00a0 \u00a0 \u00a0 \u00a0 \u00a0 \u00a0 \u00a0 \u00a0 \u00a0 \u00a0 \u00a0\u00a0 La ville de Marrakech abrite le 7 septembre prochain le match Burkina Faso-Alg\u00e9rie, comptant pour la 2e journ\u00e9e (Gr. A) du 2e tour des \u00e9liminatoires de la Coupe du monde 2022, a annonc\u00e9 jeudi la F\u00e9d\u00e9ration Alg\u00e9rienne de Football (FAF) sur son [&hellip;]<\/p>\n","protected":false},"author":2,"featured_media":19392,"comment_status":"open","ping_status":"open","sticky":false,"template":"","format":"standard","meta":[],"categories":[27],"tags":[6792,7545,592],"yst_prominent_words":[281,4990,564,3058,272,3089,3454,2418],"jetpack_featured_media_url":"https:\/\/le12.ma\/fr\/wp-content\/uploads\/2021\/08\/Pgm9w.jpg","_links":{"self":[{"href":"https:\/\/le12.ma\/fr\/wp-json\/wp\/v2\/posts\/19391"}],"collection":[{"href":"https:\/\/le12.ma\/fr\/wp-json\/wp\/v2\/posts"}],"about":[{"href":"https:\/\/le12.ma\/fr\/wp-json\/wp\/v2\/types\/post"}],"author":[{"embeddable":true,"href":"https:\/\/le12.ma\/fr\/wp-json\/wp\/v2\/users\/2"}],"replies":[{"embeddable":true,"href":"https:\/\/le12.ma\/fr\/wp-json\/wp\/v2\/comments?post=19391"}],"version-history":[{"count":1,"href":"https:\/\/le12.ma\/fr\/wp-json\/wp\/v2\/posts\/19391\/revisions"}],"predecessor-version":[{"id":19393,"href":"https:\/\/le12.ma\/fr\/wp-json\/wp\/v2\/posts\/19391\/revisions\/19393"}],"wp:featuredmedia":[{"embeddable":true,"href":"https:\/\/le12.ma\/fr\/wp-json\/wp\/v2\/media\/19392"}],"wp:attachment":[{"href":"https:\/\/le12.ma\/fr\/wp-json\/wp\/v2\/media?parent=19391"}],"wp:term":[{"taxonomy":"category","embeddable":true,"href":"https:\/\/le12.ma\/fr\/wp-json\/wp\/v2\/categories?post=19391"},{"taxonomy":"post_tag","embeddable":true,"href":"https:\/\/le12.ma\/fr\/wp-json\/wp\/v2\/tags?post=19391"},{"taxonomy":"yst_prominent_words","embeddable":true,"href":"https:\/\/le12.ma\/fr\/wp-json\/wp\/v2\/yst_prominent_words?post=19391"}],"curies":[{"name":"wp","href":"https:\/\/api.w.org\/{rel}","templated":true}]}}