{"id":18419,"date":"2021-07-07T16:35:26","date_gmt":"2021-07-07T15:35:26","guid":{"rendered":"https:\/\/le12.ma\/fr\/?p=18419"},"modified":"2021-07-07T16:35:26","modified_gmt":"2021-07-07T15:35:26","slug":"la-prison-locale-dait-melloul-2-se-dote-dune-unite-dhemodialyse","status":"publish","type":"post","link":"https:\/\/le12.ma\/fr\/la-prison-locale-dait-melloul-2-se-dote-dune-unite-dhemodialyse\/","title":{"rendered":"La prison locale d\u2019A\u00eft Melloul 2 se dote d\u2019une unit\u00e9 d\u2019h\u00e9modialyse"},"content":{"rendered":"<p><span style=\"color: #ff0000;\"><strong>Rabat: Le12.ma<\/strong><\/span><\/p>\n<p><strong>\u00a0<\/strong><\/p>\n<p><strong>Le d\u00e9l\u00e9gu\u00e9 g\u00e9n\u00e9ral \u00e0 l\u2019administration p\u00e9nitentiaire et \u00e0 la r\u00e9insertion, Mohamed Salah Tamek, \u00e0 proc\u00e9d\u00e9 mercredi au sein de la prison locale d\u2019A\u00eft Melloul 2, \u00e0 l\u2019installation d\u2019une unit\u00e9 d\u2019h\u00e9modialyse s\u2019inscrivant dans le cadre de l\u2019am\u00e9lioration de la qualit\u00e9 des soins prodigu\u00e9s par l\u2019\u00e9tablissement p\u00e9nitentiaire \u00e0 ses pensionnaires.<\/strong><\/p>\n<p><strong>Cette initiative est le fruit de la mise en \u0153uvre d\u2019une convention sign\u00e9e en mars 2019, entre le minist\u00e8re de la Sant\u00e9, l\u2019Initiative nationale du d\u00e9veloppement humain (INDH), la D\u00e9l\u00e9gation g\u00e9n\u00e9rale \u00e0 l\u2019administration p\u00e9nitentiaire et \u00e0 la r\u00e9insertion (DGAPR), la Fondation Mohammed VI pour la r\u00e9insertion des d\u00e9tenus, ainsi que la Fondation Amal pour l\u2019h\u00e9modialyse et \u0153uvres sociales.<\/strong><\/p>\n<p><strong>\u201cL\u2019installation de ce centre d\u2019h\u00e9modialyse traduit la volont\u00e9 royale de promouvoir la situation sociale et sanitaire des personnes incarc\u00e9r\u00e9es, et consacre les principes de l\u2019\u00e9quit\u00e9 et de l\u2019\u00e9galit\u00e9 des chances concernant l\u2019acc\u00e8s aux soins de sant\u00e9 pour toutes les cat\u00e9gories de la soci\u00e9t\u00e9 marocaine\u201d, a indiqu\u00e9 \u00e0 la MAP, le chef de la division des soins de sant\u00e9 au sein de la DGAPR, Taoufik Abtal.<\/strong><\/p>\n<p><strong>De son c\u00f4t\u00e9, le pr\u00e9sident de la Fondation Amal, Mustapha Faouzi, qui assure la gestion de cette unit\u00e9, a salu\u00e9 cette initiative visant \u00e0 all\u00e9ger les souffrances de pensionnaires souffrant d\u2019insuffisance r\u00e9nale, relevant dans ce sens, que l\u2019association a mobilis\u00e9 des cadres m\u00e9dicaux qualifi\u00e9s pour assurer le bon d\u00e9roulement des s\u00e9ances d\u2019h\u00e9modialyse.<\/strong><\/p>\n<p><strong>Ont pris part \u00e0 la c\u00e9r\u00e9monie d\u2019installation de cette unit\u00e9 d\u2019h\u00e9modialyse, le Wali de la r\u00e9gion Souss-Massa, Gouverneur de la pr\u00e9fecture d\u2019Agadir Ida Outanane, Ahmed Hajji, le gouverneur de la pr\u00e9fecture d\u2019Inezgane-A\u00eft Melloul , Ismail Aboulhoukouk, les repr\u00e9sentants des institutions partenaires, ainsi que les autorit\u00e9s locales.<\/strong><\/p>\n<p><strong>A rappeler que deux unit\u00e9s ont \u00e9t\u00e9 inaugur\u00e9es en 2019 et 2020, respectivement aux prisons de Beni-Mellal et Nador et d\u2019autres centres seront install\u00e9s prochainement aux sein des \u00e9tablissements p\u00e9nitentiaires l\u2019Oudaya \u00e0 Marrakech et Ras El Ma \u00e0 F\u00e8s.<\/strong><\/p>\n","protected":false},"excerpt":{"rendered":"<p>Rabat: Le12.ma \u00a0 Le d\u00e9l\u00e9gu\u00e9 g\u00e9n\u00e9ral \u00e0 l\u2019administration p\u00e9nitentiaire et \u00e0 la r\u00e9insertion, Mohamed Salah Tamek, \u00e0 proc\u00e9d\u00e9 mercredi au sein de la prison locale d\u2019A\u00eft Melloul 2, \u00e0 l\u2019installation d\u2019une unit\u00e9 d\u2019h\u00e9modialyse s\u2019inscrivant dans le cadre de l\u2019am\u00e9lioration de la qualit\u00e9 des soins prodigu\u00e9s par l\u2019\u00e9tablissement p\u00e9nitentiaire \u00e0 ses pensionnaires. Cette initiative est le [&hellip;]<\/p>\n","protected":false},"author":2,"featured_media":18420,"comment_status":"open","ping_status":"open","sticky":false,"template":"","format":"standard","meta":[],"categories":[22,24],"tags":[],"yst_prominent_words":[1411,841,5512,5515,5517,178,3855,1755,4535],"jetpack_featured_media_url":"https:\/\/le12.ma\/fr\/wp-content\/uploads\/2021\/07\/78-205451-morocco-prison-terror_700x400.jpg","_links":{"self":[{"href":"https:\/\/le12.ma\/fr\/wp-json\/wp\/v2\/posts\/18419"}],"collection":[{"href":"https:\/\/le12.ma\/fr\/wp-json\/wp\/v2\/posts"}],"about":[{"href":"https:\/\/le12.ma\/fr\/wp-json\/wp\/v2\/types\/post"}],"author":[{"embeddable":true,"href":"https:\/\/le12.ma\/fr\/wp-json\/wp\/v2\/users\/2"}],"replies":[{"embeddable":true,"href":"https:\/\/le12.ma\/fr\/wp-json\/wp\/v2\/comments?post=18419"}],"version-history":[{"count":1,"href":"https:\/\/le12.ma\/fr\/wp-json\/wp\/v2\/posts\/18419\/revisions"}],"predecessor-version":[{"id":18421,"href":"https:\/\/le12.ma\/fr\/wp-json\/wp\/v2\/posts\/18419\/revisions\/18421"}],"wp:featuredmedia":[{"embeddable":true,"href":"https:\/\/le12.ma\/fr\/wp-json\/wp\/v2\/media\/18420"}],"wp:attachment":[{"href":"https:\/\/le12.ma\/fr\/wp-json\/wp\/v2\/media?parent=18419"}],"wp:term":[{"taxonomy":"category","embeddable":true,"href":"https:\/\/le12.ma\/fr\/wp-json\/wp\/v2\/categories?post=18419"},{"taxonomy":"post_tag","embeddable":true,"href":"https:\/\/le12.ma\/fr\/wp-json\/wp\/v2\/tags?post=18419"},{"taxonomy":"yst_prominent_words","embeddable":true,"href":"https:\/\/le12.ma\/fr\/wp-json\/wp\/v2\/yst_prominent_words?post=18419"}],"curies":[{"name":"wp","href":"https:\/\/api.w.org\/{rel}","templated":true}]}}