{"id":17928,"date":"2021-06-23T10:40:51","date_gmt":"2021-06-23T09:40:51","guid":{"rendered":"https:\/\/le12.ma\/fr\/?p=17928"},"modified":"2021-06-23T10:40:51","modified_gmt":"2021-06-23T09:40:51","slug":"prix-du-maroc-du-livre-ouverture-des-candidatures-pour-ledition-2021","status":"publish","type":"post","link":"https:\/\/le12.ma\/fr\/prix-du-maroc-du-livre-ouverture-des-candidatures-pour-ledition-2021\/","title":{"rendered":"Prix du Maroc du Livre.. Ouverture des candidatures pour l\u2019\u00e9dition 2021"},"content":{"rendered":"<p><span style=\"color: #ff0000;\"><strong>Rabat: le12.ma<\/strong><\/span><\/p>\n<p><strong>Le minist\u00e8re de la Culture, de la Jeunesse et des Sports \u2013 d\u00e9partement de la Culture \u2013 a annonc\u00e9, mardi, l\u2019ouverture des candidatures pour la 53\u00e8 \u00e9dition du Prix du Maroc du Livre au titre de l\u2019ann\u00e9e 2021.<\/strong><\/p>\n<p><strong>Au total, neuf prix seront d\u00e9cern\u00e9s, concernant le R\u00e9cit (roman, nouvelle ou texte th\u00e9\u00e2tral), la Po\u00e9sie, l\u2019Encouragement \u00e0 la cr\u00e9ation litt\u00e9raire amazighe (roman, nouvelle, texte th\u00e9\u00e2tral ou po\u00e9sie), le Livre pour enfants et jeunes, les Sciences humaines et les Sciences sociales, ainsi que les \u00c9tudes litt\u00e9raires, artistiques et linguistiques, les \u00c9tudes dans le domaine de la culture amazighe et la Traduction, indique le minist\u00e8re sur son site \u00e9lectronique.<\/strong><\/p>\n<p><strong>Sont \u00e9ligibles \u00e0 ces Prix les auteurs de nationalit\u00e9 marocaine, les maisons d\u2019\u00e9dition et les institutions culturelles, universitaires et \u00e9ducatives, sous r\u00e9serve de pr\u00e9sentation d\u2019une demande manuscrite sign\u00e9e par l\u2019auteur, ajoute le d\u00e9partement.<\/strong><\/p>\n<p><strong>Ce concours concerne les ouvrages publi\u00e9s en toutes langues, rel\u00e8ve le communiqu\u00e9, faisant savoir que les candidatures sont ouvertes uniquement pour les auteurs qui n\u2019ont pas re\u00e7u de prix au cours des trois derni\u00e8res ann\u00e9es et que la candidature d\u2019un ouvrage ayant d\u00e9j\u00e0 gagn\u00e9 un prix du livre, au niveau national ou international, n\u2019est pas admise.<\/strong><\/p>\n<p><strong>Les \u00e9crivains, po\u00e8tes, critiques, chercheurs, penseurs et traducteurs marocains d\u00e9sireux de participer \u00e0 ce concours devront soumettre leur candidature, accompagn\u00e9e de huit exemplaires des ouvrages parus au Maroc ou \u00e0 l\u2019\u00e9tranger en 2020, ou d\u2019une copie des ouvrages en format PDF, en plus de la version originale du livre dans le cas d\u2019une traduction, avec documents justifiant les droits de traduction, pr\u00e9cise le communiqu\u00e9.<\/strong><\/p>\n<p><strong>Les candidats int\u00e9ress\u00e9s peuvent d\u00e9poser leurs dossiers via le site web : www.prixlivre.minculture.gov.ma, ou les envoyer par poste, pr\u00e9cise le minist\u00e8re, notant que les candidatures sont \u00e0 d\u00e9poser au plus tard le 22 juillet.<\/strong><\/p>\n<p><strong>Le Prix du Maroc du Livre compte parmi ses laur\u00e9ats notamment Abdelhak El Merini, Abdelhadi Tazi, Abdellah Laroui, Abdelkrim Ghellab, Abdelmajid Benjelloun, Halima Ferhat, Khnata Bennouna, Mohamed Aziz Lahbabi, Zakia Daoud et bien d\u2019autres.<\/strong><\/p>\n","protected":false},"excerpt":{"rendered":"<p>Rabat: le12.ma Le minist\u00e8re de la Culture, de la Jeunesse et des Sports \u2013 d\u00e9partement de la Culture \u2013 a annonc\u00e9, mardi, l\u2019ouverture des candidatures pour la 53\u00e8 \u00e9dition du Prix du Maroc du Livre au titre de l\u2019ann\u00e9e 2021. Au total, neuf prix seront d\u00e9cern\u00e9s, concernant le R\u00e9cit (roman, nouvelle ou texte th\u00e9\u00e2tral), la [&hellip;]<\/p>\n","protected":false},"author":2,"featured_media":17929,"comment_status":"open","ping_status":"open","sticky":false,"template":"","format":"standard","meta":[],"categories":[31,24],"tags":[],"yst_prominent_words":[584,583,5930,1003,69,148,3369,3811],"jetpack_featured_media_url":"https:\/\/le12.ma\/fr\/wp-content\/uploads\/2021\/06\/\u0645\u0648\u0636\u0648\u0639-\u062a\u0639\u0628\u064a\u0631-\u0639\u0646-\u0627\u0647\u0645\u064a\u0629-\u0645\u0639\u0631\u0636-\u0627\u0644\u0643\u062a\u0627\u0628-\u0644\u0644\u062c\u0645\u064a\u0639-1.jpg","_links":{"self":[{"href":"https:\/\/le12.ma\/fr\/wp-json\/wp\/v2\/posts\/17928"}],"collection":[{"href":"https:\/\/le12.ma\/fr\/wp-json\/wp\/v2\/posts"}],"about":[{"href":"https:\/\/le12.ma\/fr\/wp-json\/wp\/v2\/types\/post"}],"author":[{"embeddable":true,"href":"https:\/\/le12.ma\/fr\/wp-json\/wp\/v2\/users\/2"}],"replies":[{"embeddable":true,"href":"https:\/\/le12.ma\/fr\/wp-json\/wp\/v2\/comments?post=17928"}],"version-history":[{"count":1,"href":"https:\/\/le12.ma\/fr\/wp-json\/wp\/v2\/posts\/17928\/revisions"}],"predecessor-version":[{"id":17930,"href":"https:\/\/le12.ma\/fr\/wp-json\/wp\/v2\/posts\/17928\/revisions\/17930"}],"wp:featuredmedia":[{"embeddable":true,"href":"https:\/\/le12.ma\/fr\/wp-json\/wp\/v2\/media\/17929"}],"wp:attachment":[{"href":"https:\/\/le12.ma\/fr\/wp-json\/wp\/v2\/media?parent=17928"}],"wp:term":[{"taxonomy":"category","embeddable":true,"href":"https:\/\/le12.ma\/fr\/wp-json\/wp\/v2\/categories?post=17928"},{"taxonomy":"post_tag","embeddable":true,"href":"https:\/\/le12.ma\/fr\/wp-json\/wp\/v2\/tags?post=17928"},{"taxonomy":"yst_prominent_words","embeddable":true,"href":"https:\/\/le12.ma\/fr\/wp-json\/wp\/v2\/yst_prominent_words?post=17928"}],"curies":[{"name":"wp","href":"https:\/\/api.w.org\/{rel}","templated":true}]}}