{"id":16952,"date":"2021-05-26T16:41:28","date_gmt":"2021-05-26T15:41:28","guid":{"rendered":"https:\/\/le12.ma\/fr\/?p=16952"},"modified":"2021-05-26T16:41:28","modified_gmt":"2021-05-26T15:41:28","slug":"responsable-la-saisie-de-plus-de-2-tonnes-de-chira-a-casablanca-une-operation-denvergure-du-service-prefectoral-de-la-police-judiciaire","status":"publish","type":"post","link":"https:\/\/le12.ma\/fr\/responsable-la-saisie-de-plus-de-2-tonnes-de-chira-a-casablanca-une-operation-denvergure-du-service-prefectoral-de-la-police-judiciaire\/","title":{"rendered":"Responsable.. La saisie de plus de 2 tonnes de chira \u00e0 Casablanca, une op\u00e9ration d\u2019envergure du service pr\u00e9fectoral de la police judiciaire"},"content":{"rendered":"<p><span style=\"color: #ff0000;\"><strong>Rabat: Le12.ma<\/strong><\/span><\/p>\n<p><strong>La saisie de 2 tonnes et 340 kilogrammes de chira \u00e0 Casablanca constitue une op\u00e9ration d\u2019envergure men\u00e9e par les \u00e9l\u00e9ments de la brigade antigang relevant du service pr\u00e9fectoral de la police judiciaire de Casablanca, a affirm\u00e9 le commissaire divisionnaire, chef du service pr\u00e9fectoral de la police judiciaire, Aziz Kamal El Idrissi.<\/strong><\/p>\n<p><img decoding=\"async\" loading=\"lazy\" class=\"alignnone size-full wp-image-16954\" src=\"https:\/\/le12.ma\/fr\/wp-content\/uploads\/2021\/05\/188816038_181610590633170_1314208175647191469_n.jpg\" alt=\"\" width=\"1080\" height=\"1080\" srcset=\"https:\/\/le12.ma\/fr\/wp-content\/uploads\/2021\/05\/188816038_181610590633170_1314208175647191469_n.jpg 1080w, https:\/\/le12.ma\/fr\/wp-content\/uploads\/2021\/05\/188816038_181610590633170_1314208175647191469_n-300x300.jpg 300w, https:\/\/le12.ma\/fr\/wp-content\/uploads\/2021\/05\/188816038_181610590633170_1314208175647191469_n-1024x1024.jpg 1024w, https:\/\/le12.ma\/fr\/wp-content\/uploads\/2021\/05\/188816038_181610590633170_1314208175647191469_n-150x150.jpg 150w, https:\/\/le12.ma\/fr\/wp-content\/uploads\/2021\/05\/188816038_181610590633170_1314208175647191469_n-768x768.jpg 768w\" sizes=\"(max-width: 1080px) 100vw, 1080px\" \/><\/p>\n<p><strong>El Idrissi a indiqu\u00e9, mercredi, dans une d\u00e9claration \u00e0 la MAP et \u00e0 la chaine d\u2019information M24, que la saisie de cette quantit\u00e9 de drogue a eu lieu sur la base d\u2019informations pr\u00e9cises fournies par la Direction g\u00e9n\u00e9rale de la surveillance du territoire (DGST), faisant \u00e9tat d\u2019un r\u00e9seau criminel de trafic international de drogues.<\/strong><\/p>\n<p><img decoding=\"async\" loading=\"lazy\" class=\"alignnone size-full wp-image-16955\" src=\"https:\/\/le12.ma\/fr\/wp-content\/uploads\/2021\/05\/188671546_181610597299836_6622022092482586806_n.jpg\" alt=\"\" width=\"1080\" height=\"1080\" srcset=\"https:\/\/le12.ma\/fr\/wp-content\/uploads\/2021\/05\/188671546_181610597299836_6622022092482586806_n.jpg 1080w, https:\/\/le12.ma\/fr\/wp-content\/uploads\/2021\/05\/188671546_181610597299836_6622022092482586806_n-300x300.jpg 300w, https:\/\/le12.ma\/fr\/wp-content\/uploads\/2021\/05\/188671546_181610597299836_6622022092482586806_n-1024x1024.jpg 1024w, https:\/\/le12.ma\/fr\/wp-content\/uploads\/2021\/05\/188671546_181610597299836_6622022092482586806_n-150x150.jpg 150w, https:\/\/le12.ma\/fr\/wp-content\/uploads\/2021\/05\/188671546_181610597299836_6622022092482586806_n-768x768.jpg 768w\" sizes=\"(max-width: 1080px) 100vw, 1080px\" \/><\/p>\n<p><strong>Lors de cette op\u00e9ration, a ajout\u00e9 le responsable, les \u00e9l\u00e9ments du service pr\u00e9fectoral de la police judiciaire ont arr\u00eat\u00e9 2 personnes au niveau de Tit Mellil \u00e0 bord d\u2019un camion de transport de marchandises o\u00f9 \u00e9tait dissimul\u00e9e la drogue.<\/strong><\/p>\n<p><strong>Les investigations sont en cours, sous la supervision du parquet comp\u00e9tent, pour l\u2019identification des individus actifs de ce r\u00e9seau, a-t-il conclu.<\/strong><\/p>\n<p><strong>Les \u00e9l\u00e9ments de la brigade antigang relevant du service pr\u00e9fectoral de la police judiciaire de Casablanca ont proc\u00e9d\u00e9, t\u00f4t mercredi, \u00e0 la saisie d\u2019une quantit\u00e9 de 2 tonnes et 340 kilogrammes de chira \u00e0 bord d\u2019un camion de transport de marchandises, au niveau de la gare de p\u00e9age de l\u2019autoroute Tit Mellil.<\/strong><\/p>\n<p><img decoding=\"async\" loading=\"lazy\" class=\"alignnone size-full wp-image-16956\" src=\"https:\/\/le12.ma\/fr\/wp-content\/uploads\/2021\/05\/189633993_181610587299837_6897408203409549919_n.jpg\" alt=\"\" width=\"1080\" height=\"1080\" srcset=\"https:\/\/le12.ma\/fr\/wp-content\/uploads\/2021\/05\/189633993_181610587299837_6897408203409549919_n.jpg 1080w, https:\/\/le12.ma\/fr\/wp-content\/uploads\/2021\/05\/189633993_181610587299837_6897408203409549919_n-300x300.jpg 300w, https:\/\/le12.ma\/fr\/wp-content\/uploads\/2021\/05\/189633993_181610587299837_6897408203409549919_n-1024x1024.jpg 1024w, https:\/\/le12.ma\/fr\/wp-content\/uploads\/2021\/05\/189633993_181610587299837_6897408203409549919_n-150x150.jpg 150w, https:\/\/le12.ma\/fr\/wp-content\/uploads\/2021\/05\/189633993_181610587299837_6897408203409549919_n-768x768.jpg 768w\" sizes=\"(max-width: 1080px) 100vw, 1080px\" \/><\/p>\n","protected":false},"excerpt":{"rendered":"<p>Rabat: Le12.ma La saisie de 2 tonnes et 340 kilogrammes de chira \u00e0 Casablanca constitue une op\u00e9ration d\u2019envergure men\u00e9e par les \u00e9l\u00e9ments de la brigade antigang relevant du service pr\u00e9fectoral de la police judiciaire de Casablanca, a affirm\u00e9 le commissaire divisionnaire, chef du service pr\u00e9fectoral de la police judiciaire, Aziz Kamal El Idrissi. El Idrissi [&hellip;]<\/p>\n","protected":false},"author":2,"featured_media":16953,"comment_status":"open","ping_status":"open","sticky":false,"template":"","format":"standard","meta":[],"categories":[24],"tags":[],"yst_prominent_words":[2920],"jetpack_featured_media_url":"https:\/\/le12.ma\/fr\/wp-content\/uploads\/2021\/05\/190664788_181610583966504_8468523958278872369_n.jpg","_links":{"self":[{"href":"https:\/\/le12.ma\/fr\/wp-json\/wp\/v2\/posts\/16952"}],"collection":[{"href":"https:\/\/le12.ma\/fr\/wp-json\/wp\/v2\/posts"}],"about":[{"href":"https:\/\/le12.ma\/fr\/wp-json\/wp\/v2\/types\/post"}],"author":[{"embeddable":true,"href":"https:\/\/le12.ma\/fr\/wp-json\/wp\/v2\/users\/2"}],"replies":[{"embeddable":true,"href":"https:\/\/le12.ma\/fr\/wp-json\/wp\/v2\/comments?post=16952"}],"version-history":[{"count":1,"href":"https:\/\/le12.ma\/fr\/wp-json\/wp\/v2\/posts\/16952\/revisions"}],"predecessor-version":[{"id":16957,"href":"https:\/\/le12.ma\/fr\/wp-json\/wp\/v2\/posts\/16952\/revisions\/16957"}],"wp:featuredmedia":[{"embeddable":true,"href":"https:\/\/le12.ma\/fr\/wp-json\/wp\/v2\/media\/16953"}],"wp:attachment":[{"href":"https:\/\/le12.ma\/fr\/wp-json\/wp\/v2\/media?parent=16952"}],"wp:term":[{"taxonomy":"category","embeddable":true,"href":"https:\/\/le12.ma\/fr\/wp-json\/wp\/v2\/categories?post=16952"},{"taxonomy":"post_tag","embeddable":true,"href":"https:\/\/le12.ma\/fr\/wp-json\/wp\/v2\/tags?post=16952"},{"taxonomy":"yst_prominent_words","embeddable":true,"href":"https:\/\/le12.ma\/fr\/wp-json\/wp\/v2\/yst_prominent_words?post=16952"}],"curies":[{"name":"wp","href":"https:\/\/api.w.org\/{rel}","templated":true}]}}