{"id":16880,"date":"2021-05-25T15:23:47","date_gmt":"2021-05-25T14:23:47","guid":{"rendered":"https:\/\/le12.ma\/fr\/?p=16880"},"modified":"2021-05-25T15:23:47","modified_gmt":"2021-05-25T14:23:47","slug":"la-creativite-musicale-une-reponse-a-limpact-de-la-pandemie","status":"publish","type":"post","link":"https:\/\/le12.ma\/fr\/la-creativite-musicale-une-reponse-a-limpact-de-la-pandemie\/","title":{"rendered":"La cr\u00e9ativit\u00e9 musicale, une r\u00e9ponse \u00e0 l\u2019impact de la pand\u00e9mie"},"content":{"rendered":"<p><span style=\"color: #ff0000;\"><strong>Hanae DAKKA<\/strong><\/span><\/p>\n<p><strong>Face aux tracas de la vie et aux difficult\u00e9s engendr\u00e9es par la pand\u00e9mie du coronavirus, la musique est un havre de paix pour l\u2019\u00e2me \u00e9puis\u00e9e et une r\u00e9ponse \u00e0 un besoin pressant de cr\u00e9ativit\u00e9 au temps de la crise sanitaire.<\/strong><\/p>\n<p><strong>La stagnation artistique impos\u00e9e par la crise du coronavirus a mis en \u00e9vidence l\u2019importance de la formation musicale dans le fa\u00e7onnement du parcours acad\u00e9mique et professionnel de l\u2019artiste, de la pr\u00e9servation de ses droits et de la promotion de son niveau de connaissance et rang social.<\/strong><\/p>\n<p><strong>De l\u2019avis de Samir Tamim, directeur du Conservatoire national de musique et d\u2019art chor\u00e9graphique (CNMAC) de Rabat, la conscience collective quant \u00e0 l\u2019importante contribution des arts en g\u00e9n\u00e9ral et de la musique en particulier \u00e0 l\u2019avancement des nations et des peuples est fortement ancr\u00e9e au Maroc.<\/strong><\/p>\n<p><strong>L\u2019engouement pour les conservatoires du Royaume et la cr\u00e9ation par le minist\u00e8re de tutelle de conservatoires dans tout le Royaume en sont la meilleure preuve, a-t-il confi\u00e9 dans un entretien accord\u00e9 \u00e0 la MAP.<\/strong><\/p>\n<ol>\n<li><strong>Tamim a en outre \u00e9voqu\u00e9 la construction du nouveau si\u00e8ge du CNMAC et celui de l\u2019Institut sup\u00e9rieur de la musique et de l\u2019art chor\u00e9graphique \u00e0 Rabat, qui r\u00e9pondent aux normes internationales en mati\u00e8re de conception, d\u2019ing\u00e9nierie, de fournitures et d\u2019\u00e9quipement.<\/strong><\/li>\n<\/ol>\n<p><strong>Pour ce m\u00e9daill\u00e9 de vermeil en violon, la cr\u00e9ation de l\u2019Institut sup\u00e9rieur de la musique et de l\u2019art chor\u00e9graphique saura favoriser de nombreuses transformations positives au niveau des conservatoires, lesquelles favoriseraient l\u2019acquisition par les \u00e9l\u00e8ves d\u2019un ensemble de comp\u00e9tences techniques et d\u2019exp\u00e9riences.<\/strong><\/p>\n<p><strong>Et d\u2019ajouter que le processus de formation au sein du CNMAC de Rabat se d\u00e9roule dans des conditions relativement bonnes en d\u00e9pit de l\u2019impact du coronavirus, \u00e9tant donn\u00e9 que toutes les mesures pr\u00e9ventives et sanitaires impos\u00e9es par la pand\u00e9mie sont respect\u00e9es.<\/strong><\/p>\n<p><strong>Il a relev\u00e9, dans ce sens, que la capacit\u00e9 d\u2019accueil du conservatoire, fix\u00e9e \u00e0 12 \u00e9tudiants au maximum pour une formation en groupe et \u00e0 un \u00e9tudiant pour une formation individuelle, est pleinement respect\u00e9e.<\/strong><\/p>\n<p><strong>S\u2019agissant des inscriptions, M. Tamim a indiqu\u00e9 que le nombre des inscrits au Conservatoire national est rest\u00e9 stable par rapport \u00e0 l\u2019ann\u00e9e pr\u00e9c\u00e9dente (2.983 contre 3.110), pr\u00e9cisant qu\u2019en raison de la capacit\u00e9 d\u2019accueil limit\u00e9e du conservatoire, il a \u00e9t\u00e9 d\u00e9cid\u00e9 de prodiguer des cours exceptionnellement le samedi.<\/strong><\/p>\n<p><strong>Le responsable a \u00e9galement soulign\u00e9 que l\u2019institut compte pr\u00e8s de 2.000 \u00e9tudiants chaque ann\u00e9e et que ces derniers sont form\u00e9s par 96 professeurs dans 26 mati\u00e8res li\u00e9es principalement \u00e0 la musique, \u00e0 la chor\u00e9graphie et au chant.<\/strong><\/p>\n<p><strong>Les examens se sont d\u00e9roul\u00e9s dans de bonnes conditions gr\u00e2ce au plein respect de toutes les mesures pr\u00e9ventives, s\u2019est-il f\u00e9licit\u00e9, ajoutant que les examens nationaux de certification, organis\u00e9s par le CNMAC, ont \u00e9t\u00e9 marqu\u00e9s par un ensemble de mesures exceptionnelles visant \u00e0 garantir leur d\u00e9roulement dans des conditions idoines.<\/strong><\/p>\n<p><strong>A un moment o\u00f9 la sc\u00e8ne artistique conna\u00eet une stagnation sans pr\u00e9c\u00e9dent, le conservatoire a maintenu toutes les activit\u00e9s techniques, en prenant les pr\u00e9cautions n\u00e9cessaires, et a pr\u00e9sent\u00e9 la plupart de ses performances via les r\u00e9seaux sociaux et le site web du minist\u00e8re de tutelle, garantissant ainsi la continuit\u00e9 de ses activit\u00e9s, am\u00e9liorant la qualit\u00e9 des prestations et encourageant la cr\u00e9ativit\u00e9 et les jeunes, a-t-il dit.<\/strong><\/p>\n<p><strong>Aux yeux de Mohamed Chabab, professeur au conservatoire national de musique, la formation artistique acad\u00e9mique est une r\u00e9f\u00e9rence indispensable dans l\u2019avancement du champ musical car elle \u201cs\u2019int\u00e9resse \u00e0 l\u2019Homme, aux m\u0153urs et aux valeurs\u201d.<\/strong><\/p>\n<p><strong>\u201cAvant de former l\u2019artiste, il est n\u00e9cessaire d\u2019\u00e9duquer les jeunes et le public \u00e0 l\u2019esth\u00e9tique de l\u2019art et cela ne peut se faire qu\u2019\u00e0 travers la g\u00e9n\u00e9ralisation de l\u2019\u00e9ducation artistique en tant que compl\u00e9ment culturel et spirituel de base au sein des diff\u00e9rents \u00e9tablissements d\u2019enseignement public au Maroc\u201d, assure ce pianiste laur\u00e9at du prix sp\u00e9cial du jury au concours international de composition musicale en Bulgarie (2015).<\/strong><\/p>\n<p><strong>\u201cA eux seuls, les conservatoires ne peuvent combler ce vide en raison du nombre limit\u00e9 des cadres et de leur capacit\u00e9 d\u2019accueil\u201d, a-t-il relev\u00e9.<\/strong><\/p>\n<p><strong>Revenant sur l\u2019importance de la formation musicale, M. Chabab a estim\u00e9 que ceux qui ont fa\u00e7onn\u00e9 l\u2019histoire de la musique, comme Bach, Beethoven et Chopin, n\u2019auraient pas \u00e9t\u00e9 capables de l\u00e9guer leur g\u00e9nie artistique \u00e0 l\u2019humanit\u00e9 s\u2019ils n\u2019avaient pas consacr\u00e9 autant d\u2019ann\u00e9es \u00e0 l\u2019apprentissage des sciences de la musique.<\/strong><\/p>\n<p><strong>Ne cachant pas son optimisme au sujet de l\u2019avenir de la musique au Maroc, le compositeur a plaid\u00e9 pour la mise en \u0153uvre d\u2019un projet national de d\u00e9veloppement culturel et artistique, en partenariat avec les m\u00e9dias, pour \u00e9gayer l\u2019app\u00e9tit des jeunes pour la cr\u00e9ativit\u00e9 artistique, \u00e0 travers des initiatives artistiques parrain\u00e9es par des institutions musicales et des sp\u00e9cialistes.<\/strong><\/p>\n<p><strong>Cela permettrait, selon lui, de prospecter des talents \u00e0 l\u2019image de la richesse historique et patrimoniale du Royaume.<\/strong><\/p>\n","protected":false},"excerpt":{"rendered":"<p>Hanae DAKKA Face aux tracas de la vie et aux difficult\u00e9s engendr\u00e9es par la pand\u00e9mie du coronavirus, la musique est un havre de paix pour l\u2019\u00e2me \u00e9puis\u00e9e et une r\u00e9ponse \u00e0 un besoin pressant de cr\u00e9ativit\u00e9 au temps de la crise sanitaire. La stagnation artistique impos\u00e9e par la crise du coronavirus a mis en \u00e9vidence [&hellip;]<\/p>\n","protected":false},"author":2,"featured_media":16881,"comment_status":"open","ping_status":"open","sticky":false,"template":"","format":"standard","meta":[],"categories":[31,24],"tags":[],"yst_prominent_words":[2849,1079,1124,941],"jetpack_featured_media_url":"https:\/\/le12.ma\/fr\/wp-content\/uploads\/2021\/05\/piano.jpg","_links":{"self":[{"href":"https:\/\/le12.ma\/fr\/wp-json\/wp\/v2\/posts\/16880"}],"collection":[{"href":"https:\/\/le12.ma\/fr\/wp-json\/wp\/v2\/posts"}],"about":[{"href":"https:\/\/le12.ma\/fr\/wp-json\/wp\/v2\/types\/post"}],"author":[{"embeddable":true,"href":"https:\/\/le12.ma\/fr\/wp-json\/wp\/v2\/users\/2"}],"replies":[{"embeddable":true,"href":"https:\/\/le12.ma\/fr\/wp-json\/wp\/v2\/comments?post=16880"}],"version-history":[{"count":1,"href":"https:\/\/le12.ma\/fr\/wp-json\/wp\/v2\/posts\/16880\/revisions"}],"predecessor-version":[{"id":16882,"href":"https:\/\/le12.ma\/fr\/wp-json\/wp\/v2\/posts\/16880\/revisions\/16882"}],"wp:featuredmedia":[{"embeddable":true,"href":"https:\/\/le12.ma\/fr\/wp-json\/wp\/v2\/media\/16881"}],"wp:attachment":[{"href":"https:\/\/le12.ma\/fr\/wp-json\/wp\/v2\/media?parent=16880"}],"wp:term":[{"taxonomy":"category","embeddable":true,"href":"https:\/\/le12.ma\/fr\/wp-json\/wp\/v2\/categories?post=16880"},{"taxonomy":"post_tag","embeddable":true,"href":"https:\/\/le12.ma\/fr\/wp-json\/wp\/v2\/tags?post=16880"},{"taxonomy":"yst_prominent_words","embeddable":true,"href":"https:\/\/le12.ma\/fr\/wp-json\/wp\/v2\/yst_prominent_words?post=16880"}],"curies":[{"name":"wp","href":"https:\/\/api.w.org\/{rel}","templated":true}]}}