{"id":16848,"date":"2021-05-24T17:57:44","date_gmt":"2021-05-24T16:57:44","guid":{"rendered":"https:\/\/le12.ma\/fr\/?p=16848"},"modified":"2021-05-24T17:57:44","modified_gmt":"2021-05-24T16:57:44","slug":"le-maroc-a-lhonneur-a-la-diplomatie-des-merveilles-a-sofia","status":"publish","type":"post","link":"https:\/\/le12.ma\/fr\/le-maroc-a-lhonneur-a-la-diplomatie-des-merveilles-a-sofia\/","title":{"rendered":"Le Maroc \u00e0 l\u2019honneur \u00e0 \u201cLa diplomatie des merveilles\u201d \u00e0 Sofia"},"content":{"rendered":"<p><strong><span style=\"color: #ff0000;\">Le12.ma<\/span><\/strong><\/p>\n<p><strong>Le Maroc a \u00e9t\u00e9 \u00e0 l\u2019honneur lors de \u201cLa diplomatie des merveilles\u201d, une manifestation culturelle organis\u00e9e r\u00e9cemment \u00e0 Sofia, pour marquer le 60\u00e8me anniversaire de l\u2019\u00e9tablissement des relations diplomatiques entre le Royaume et la Bulgarie.<\/strong><\/p>\n<p><strong>Initiative conjointe de l\u2019ambassade du Maroc \u00e0 Sofia et de l\u2019agence bulgare \u201cStandartNews\u201d, cette manifestation a r\u00e9uni plus de 120 convives, dont une trentaine d\u2019ambassadeurs, des membres du gouvernement, des maires d\u2019une vingtaine de villes bulgares, en plus d\u2019artistes, journalistes et acad\u00e9miciens.<\/strong><\/p>\n<p><strong>Dans une allocution \u00e0 cette occasion, l\u2019ambassadeur du Maroc en Bulgarie, Zakia El Midaoui, a relev\u00e9 l\u2019importance de cet \u00e9v\u00e9nement qui se tient \u00e0 la veille de la F\u00eate des Saints et de la journ\u00e9e de l\u2019\u00e9criture, de l\u2019\u00e9ducation et de la culture bulgares et de l\u2019\u00e9criture slave, c\u00e9l\u00e9br\u00e9e le 24 mai de chaque ann\u00e9e.<\/strong><\/p>\n<p><strong>Relevant que 2021 a marqu\u00e9 un nouveau jalon dans le d\u00e9veloppement des relations maroco-bulgares d\u00e9j\u00e0 denses et diversifi\u00e9es, elle s\u2019est f\u00e9licit\u00e9e de prendre part \u00e0 cette initiative d\u00e9di\u00e9e \u00e0 la protection des merveilles de la Bulgarie, class\u00e9e 3\u00e8me au niveau europ\u00e9en en termes de diversit\u00e9 culturelle.<\/strong><\/p>\n<p><strong>\u201cMalgr\u00e9 le contexte international d\u00e9favorable, marqu\u00e9 par de multiples d\u00e9fis globaux, le Maroc et la Bulgarie restent et demeurent des terres de paix et de fraternit\u00e9 o\u00f9 se c\u00f4toient des hommes et des femmes venant de tout bord\u201d, a indiqu\u00e9 Mme El Midaoui.<\/strong><\/p>\n<p><strong>Sous la conduite sage et \u00e9clair\u00e9e de Sa Majest\u00e9 le Roi Mohammed VI, la tol\u00e9rance, la cohabitation entre les cultures et les civilisations sont des traits de caract\u00e8re du Maroc, a-t-elle relev\u00e9, soutenant que \u201cles histoires des pays et leurs identit\u00e9s et surtout leurs pr\u00e9occupations et leurs d\u00e9fis ne devraient pas \u00eatre instrumentalis\u00e9s pour \u00eatre mis au service de la r\u00e9gression, de la fracture, du d\u00e9ni et de la division\u201d.<\/strong><\/p>\n<p><strong>Selon elle, ces richesses devraient servir de leviers pour une coop\u00e9ration transparente et un partenariat gagnant-gagnant, \u201cle but \u00e9tant d\u2019en faire un gisement de cr\u00e9ation d\u2019opportunit\u00e9s et de richesses partag\u00e9es, et de renforcement de la confiance mutuelle\u201d, assurant que les liens d\u2019amiti\u00e9 et de coop\u00e9ration fructueuse, qui unissent le Maroc et la Bulgarie, continueront de se renforcer.<\/strong><\/p>\n<p><strong>La diplomate marocaine a par ailleurs invit\u00e9 les convives \u00e0 prendre part \u00e0 la 15\u00e8me \u00e9dition du Festival international de la jeunesse et des arts, qui sera organis\u00e9e \u00e0 Sozopol (est de la Bulgarie) du 5 au 15 juillet prochain, par l\u2019Association des \u201cMuses\u201d, avec la participation du Maroc en tant qu\u2019invit\u00e9 sp\u00e9cial et destination touristique.<\/strong><\/p>\n<p><strong>De son c\u00f4t\u00e9, Slavka Bozokova, R\u00e9dactrice en chef de \u201cStandardnews\u201d, a donn\u00e9 un aper\u00e7u sur la campagne \u201cMerveilles de Bulgarie\u201d, une manifestation appuy\u00e9e par la plus grande organisation europ\u00e9enne du patrimoine culturel \u201cEuropa Nostra\u201d.<\/strong><\/p>\n<p><strong>Pour sa part, la vice-pr\u00e9sidente de la R\u00e9publique de Bulgarie, Iliana Yotova, a indiqu\u00e9 que \u201cmalgr\u00e9 l\u2019\u00e9loignement g\u00e9ographique, l\u2019amiti\u00e9 maroco-bulgare plonge ses racines dans la profondeur de l\u2019histoire et n\u2019a cess\u00e9 de se consolider au fil des ans dans de nombreux domaines\u201d.<\/strong><\/p>\n<p><strong>M\u00eame son de cloche du c\u00f4t\u00e9 de Mariya Gabriel, Commissaire europ\u00e9enne en charge de l\u2019Innovation, de la recherche, de la culture, de l\u2019\u00e9ducation et de la jeunesse, qui a soulign\u00e9 l\u2019importance du Maroc en tant que partenaire cl\u00e9 de l\u2019UE dans le domaine de l\u2019\u00e9ducation et de la culture.<\/strong><\/p>\n<p><strong>Idem pour la ministre du Tourisme Stella Bankova qui, se r\u00e9jouissant de la qualit\u00e9 de la coop\u00e9ration entre son pays et le Maroc en tant que destinations touristiques internationales, a estim\u00e9 que le tourisme repr\u00e9sente le meilleur diplomate de la culture.<\/strong><\/p>\n<p><strong>Le ministre de la Culture Velislav Minekov, un fin connaisseur du Royaume, a soulign\u00e9 que \u201cle Maroc a de nombreux amis en Bulgarie et j\u2019en fais partie. Je suis heureux d\u2019\u00eatre ici ce soir, parce qu\u2019il y a 20 ans, je travaillais au Maroc que j\u2019ai parcouru de long en large\u201d.<\/strong><\/p>\n<p><strong>\u201cBeaucoup de bons souvenirs sont encore pr\u00e9sents dans mon c\u0153ur et mon esprit. C\u2019est pourquoi, je fais partie de la diplomatie culturelle, qui est l\u2019avenir des relations diplomatiques, y compris dans le cadre de la Campagne nationale \u201cMerveilles de la Bulgarie\u201d\u201d, a-t-il dit.<\/strong><\/p>\n<p><strong>Au terme de cette manifestation, les convives ont suivi un spectacle de musique anim\u00e9 par des enfants du lyc\u00e9e fran\u00e7ais \u00e0 Sofia, un d\u00e9fil\u00e9 de costumes marocains traditionnels, un spectacle de danses marocaines interpr\u00e9t\u00e9es par le Groupe \u201cSofistic Jivo\u201d, ainsi que des danses folkloriques de trois r\u00e9gions bulgares (Sofia, Varna et Sud de la Bulgarie).<\/strong><\/p>\n<p><strong>La soir\u00e9e s\u2019est termin\u00e9e par une r\u00e9ception ayant mis \u00e0 l\u2019honneur l\u2019art culinaire marocain (divers tajines, p\u00e2tisserie, boissons et th\u00e9 \u00e0 la menthe), le tout agr\u00e9ment\u00e9 par la musique et le chant du Malhoune dans un d\u00e9cor aux couleurs du Royaume, avec des affiches et posters repr\u00e9sentant l\u2019artisanat, les m\u00e9dinas, les paysages pittoresques, la nature, les plages, le d\u00e9sert, et les villes imp\u00e9riales du Royaume.<\/strong><\/p>\n<p>&nbsp;<\/p>\n","protected":false},"excerpt":{"rendered":"<p>Le12.ma Le Maroc a \u00e9t\u00e9 \u00e0 l\u2019honneur lors de \u201cLa diplomatie des merveilles\u201d, une manifestation culturelle organis\u00e9e r\u00e9cemment \u00e0 Sofia, pour marquer le 60\u00e8me anniversaire de l\u2019\u00e9tablissement des relations diplomatiques entre le Royaume et la Bulgarie. Initiative conjointe de l\u2019ambassade du Maroc \u00e0 Sofia et de l\u2019agence bulgare \u201cStandartNews\u201d, cette manifestation a r\u00e9uni plus de [&hellip;]<\/p>\n","protected":false},"author":2,"featured_media":16849,"comment_status":"open","ping_status":"open","sticky":false,"template":"","format":"standard","meta":[],"categories":[33],"tags":[],"yst_prominent_words":[695,583,261,259,69,512,157],"jetpack_featured_media_url":"https:\/\/le12.ma\/fr\/wp-content\/uploads\/2021\/05\/Sans-titre67.jpg","_links":{"self":[{"href":"https:\/\/le12.ma\/fr\/wp-json\/wp\/v2\/posts\/16848"}],"collection":[{"href":"https:\/\/le12.ma\/fr\/wp-json\/wp\/v2\/posts"}],"about":[{"href":"https:\/\/le12.ma\/fr\/wp-json\/wp\/v2\/types\/post"}],"author":[{"embeddable":true,"href":"https:\/\/le12.ma\/fr\/wp-json\/wp\/v2\/users\/2"}],"replies":[{"embeddable":true,"href":"https:\/\/le12.ma\/fr\/wp-json\/wp\/v2\/comments?post=16848"}],"version-history":[{"count":2,"href":"https:\/\/le12.ma\/fr\/wp-json\/wp\/v2\/posts\/16848\/revisions"}],"predecessor-version":[{"id":16851,"href":"https:\/\/le12.ma\/fr\/wp-json\/wp\/v2\/posts\/16848\/revisions\/16851"}],"wp:featuredmedia":[{"embeddable":true,"href":"https:\/\/le12.ma\/fr\/wp-json\/wp\/v2\/media\/16849"}],"wp:attachment":[{"href":"https:\/\/le12.ma\/fr\/wp-json\/wp\/v2\/media?parent=16848"}],"wp:term":[{"taxonomy":"category","embeddable":true,"href":"https:\/\/le12.ma\/fr\/wp-json\/wp\/v2\/categories?post=16848"},{"taxonomy":"post_tag","embeddable":true,"href":"https:\/\/le12.ma\/fr\/wp-json\/wp\/v2\/tags?post=16848"},{"taxonomy":"yst_prominent_words","embeddable":true,"href":"https:\/\/le12.ma\/fr\/wp-json\/wp\/v2\/yst_prominent_words?post=16848"}],"curies":[{"name":"wp","href":"https:\/\/api.w.org\/{rel}","templated":true}]}}