{"id":16732,"date":"2021-05-22T01:06:17","date_gmt":"2021-05-22T00:06:17","guid":{"rendered":"https:\/\/le12.ma\/fr\/?p=16732"},"modified":"2021-05-22T01:06:17","modified_gmt":"2021-05-22T00:06:17","slug":"rabat-exposition-tableau-despoir-a-la-galerie-de-licesco-pour-lart-contemporain","status":"publish","type":"post","link":"https:\/\/le12.ma\/fr\/rabat-exposition-tableau-despoir-a-la-galerie-de-licesco-pour-lart-contemporain\/","title":{"rendered":"Rabat : Exposition \u201cTableau d\u2019espoir\u201d \u00e0 la Galerie de l\u2019ICESCO pour l\u2019art contemporain"},"content":{"rendered":"<p><span style=\"color: #ff0000;\"><strong>Rabat-Le12.ma<\/strong><\/span><\/p>\n<p><strong> La galerie de l\u2019Organisation du Monde Islamique pour l\u2019\u00c9ducation, les Sciences et la Culture (ICESCO) pour l\u2019art contemporain abrite depuis jeudi l\u2019exposition artistique \u201cTableau d\u2019espoir\u201d, initi\u00e9e en partenariat avec le Groupe arabe du Cercle diplomatique au Royaume et en coop\u00e9ration avec l\u2019Atelier Karmadi de Rabat.<\/strong><\/p>\n<p><strong>Organis\u00e9e dans le cadre de la c\u00e9l\u00e9bration du Mois du patrimoine dans le monde islamique, sous le th\u00e8me \u201cUnis pour l\u2019art et le patrimoine \u201c, cette exposition comporte plus d\u2019une centaine \u0153uvres artistiques r\u00e9alis\u00e9es par 28 artistes du Maroc et d\u2019autres pays arabes. Le produit des ventes de ces \u0153uvres sera allou\u00e9 \u00e0 l\u2019H\u00f4pital Ibn Sina de Rabat pour le traitement des enfants atteints de cancer.<\/strong><\/p>\n<p><strong>Dans son allocution \u00e0 l\u2019occasion de la c\u00e9r\u00e9monie d\u2019ouverture de l\u2019exposition, le directeur g\u00e9n\u00e9ral de l\u2019ICESCO, Salim Al-Malik, a soulign\u00e9 que la Galerie d\u2019art contemporain de l\u2019Organisation sera une adresse distingu\u00e9e pour le parrainage de l\u2019art et de la cr\u00e9ativit\u00e9 dans les \u00c9tats membres et des tendances artistiques et cr\u00e9atives dans le monde.<\/strong><\/p>\n<p><strong>Il a ajout\u00e9 qu\u2019\u00e0 travers cette galerie, l\u2019Organisation adresse un message civilisationnel visant l\u2019ouverture de l\u2019art devant les cr\u00e9ateurs et la mise en place d\u2019incubateurs d\u2019art et de cr\u00e9ation contemporains sous toutes les formes, notamment la d\u00e9coration, la calligraphie, les enluminures, la sculpture et la photographie.<\/strong><\/p>\n<p><strong>Avec l\u2019inauguration de cette galerie, l\u2019ICESCO vise \u00e0 accueillir l\u2019ensemble des cr\u00e9ations pionni\u00e8res qui mettent en valeur la beaut\u00e9 de la civilisation islamique, en parrainant les cr\u00e9ateurs et en nourrissant les talents cr\u00e9atifs afin qu\u2019ils \u00e9voluent pour atteindre une valeur esth\u00e9tique distinctive, a-t-il poursuivi, concluant que cette galerie deviendra un espace ouvert devant les Etats membres pour exposer leurs chefs d\u2019\u0153uvres artistiques.<\/strong><\/p>\n<p><strong>De son c\u00f4t\u00e9, la pr\u00e9sidente du Groupe arabe au Club diplomatique de Rabat, Nidaa Ezzat Sabry, a soulign\u00e9 que la galerie exprime \u00e0 travers ses tableaux la mixit\u00e9 civilisationnelle et la diversit\u00e9 culturelle qui constituent pour les artistes, une source d\u2019inspiration constante.<\/strong><\/p>\n<p><strong>Les tableaux expos\u00e9s d\u00e9peignent par leurs couleurs nombre de villes marocaines notamment Rabat, Ifrane et Marrakech, outre des sites historiques comme les Oudayas et la noblesse du cheval arabe, notant que la femme a \u00e9t\u00e9 une muse pour les artistes des diff\u00e9rentes cultures.<\/strong><\/p>\n<p><strong>L\u2019exposition \u201cTableau d\u2019espoir\u201d a \u00e9t\u00e9 inaugur\u00e9e par la ministre de la Solidarit\u00e9, du D\u00e9veloppement Social, de l\u2019\u00c9galit\u00e9 et de la Famille, Jamila El Moussali, le ministre d\u00e9l\u00e9gu\u00e9 charg\u00e9 de l\u2019Enseignement sup\u00e9rieur et de la recherche scientifique, Driss Ouaouicha, la ministre d\u00e9l\u00e9gu\u00e9e charg\u00e9e des Marocains r\u00e9sidant \u00e0 l\u2019\u00e9tranger, Nezha El Ouafi et le Directeur g\u00e9n\u00e9ral de l\u2019ICESCO Salim Al-Malik, en pr\u00e9sence de membres du corps diplomatique accr\u00e9dit\u00e9s au Maroc et des artistes issus de pays arabes.<\/strong><\/p>\n","protected":false},"excerpt":{"rendered":"<p>Rabat-Le12.ma La galerie de l\u2019Organisation du Monde Islamique pour l\u2019\u00c9ducation, les Sciences et la Culture (ICESCO) pour l\u2019art contemporain abrite depuis jeudi l\u2019exposition artistique \u201cTableau d\u2019espoir\u201d, initi\u00e9e en partenariat avec le Groupe arabe du Cercle diplomatique au Royaume et en coop\u00e9ration avec l\u2019Atelier Karmadi de Rabat. Organis\u00e9e dans le cadre de la c\u00e9l\u00e9bration du Mois [&hellip;]<\/p>\n","protected":false},"author":4,"featured_media":16733,"comment_status":"open","ping_status":"open","sticky":false,"template":"","format":"standard","meta":[],"categories":[26,31,54],"tags":[7014,7016,7015,5112],"yst_prominent_words":[2851,341,3059,2281,299],"jetpack_featured_media_url":"https:\/\/le12.ma\/fr\/wp-content\/uploads\/2021\/05\/ouverture-de-lexposition-dart-plastique-TABLEAU-dESPOIR-504x300-504x300-1.jpg","_links":{"self":[{"href":"https:\/\/le12.ma\/fr\/wp-json\/wp\/v2\/posts\/16732"}],"collection":[{"href":"https:\/\/le12.ma\/fr\/wp-json\/wp\/v2\/posts"}],"about":[{"href":"https:\/\/le12.ma\/fr\/wp-json\/wp\/v2\/types\/post"}],"author":[{"embeddable":true,"href":"https:\/\/le12.ma\/fr\/wp-json\/wp\/v2\/users\/4"}],"replies":[{"embeddable":true,"href":"https:\/\/le12.ma\/fr\/wp-json\/wp\/v2\/comments?post=16732"}],"version-history":[{"count":1,"href":"https:\/\/le12.ma\/fr\/wp-json\/wp\/v2\/posts\/16732\/revisions"}],"predecessor-version":[{"id":16734,"href":"https:\/\/le12.ma\/fr\/wp-json\/wp\/v2\/posts\/16732\/revisions\/16734"}],"wp:featuredmedia":[{"embeddable":true,"href":"https:\/\/le12.ma\/fr\/wp-json\/wp\/v2\/media\/16733"}],"wp:attachment":[{"href":"https:\/\/le12.ma\/fr\/wp-json\/wp\/v2\/media?parent=16732"}],"wp:term":[{"taxonomy":"category","embeddable":true,"href":"https:\/\/le12.ma\/fr\/wp-json\/wp\/v2\/categories?post=16732"},{"taxonomy":"post_tag","embeddable":true,"href":"https:\/\/le12.ma\/fr\/wp-json\/wp\/v2\/tags?post=16732"},{"taxonomy":"yst_prominent_words","embeddable":true,"href":"https:\/\/le12.ma\/fr\/wp-json\/wp\/v2\/yst_prominent_words?post=16732"}],"curies":[{"name":"wp","href":"https:\/\/api.w.org\/{rel}","templated":true}]}}