{"id":16692,"date":"2021-05-21T17:46:19","date_gmt":"2021-05-21T16:46:19","guid":{"rendered":"https:\/\/le12.ma\/fr\/?p=16692"},"modified":"2021-05-21T17:46:19","modified_gmt":"2021-05-21T16:46:19","slug":"andre-azoulay-la-diversification-de-lecosysteme-souiri-est-plus-que-jamais-un-imperatif","status":"publish","type":"post","link":"https:\/\/le12.ma\/fr\/andre-azoulay-la-diversification-de-lecosysteme-souiri-est-plus-que-jamais-un-imperatif\/","title":{"rendered":"Andr\u00e9 Azoulay.. La diversification de l\u2019\u00e9cosyst\u00e8me souiri est plus que jamais \u201cun imp\u00e9ratif\u201d"},"content":{"rendered":"<p><span style=\"color: #ff0000;\"><strong>Rabat: Le12.ma<\/strong><\/span><\/p>\n<p><strong>La diversification de l\u2019\u00e9cosyst\u00e8me souiri \u201cest un imp\u00e9ratif qui, d\u00e9sormais, s\u2019impose \u00e0 tous\u201d, a affirm\u00e9, jeudi \u00e0 Essaouira, Andr\u00e9 Azoulay, Conseiller de Sa Majest\u00e9 le Roi et Pr\u00e9sident-Fondateur de l\u2019Association Essaouira-Mogador.<\/strong><\/p>\n<p><strong>S\u2019exprimant en ouverture d\u2019une journ\u00e9e d\u00e9di\u00e9e \u00e0 la \u00abco-construction de l\u2019offre d\u2019investissement\u00bb dans la province d\u2019Essaouira, initi\u00e9e par Essaouira Innovation Lab, Azoulay a soulign\u00e9 que pour la p\u00e9riode post Covid \u00able rebond esp\u00e9r\u00e9 passait par la consolidation de l\u2019existant, confort\u00e9e par une strat\u00e9gie volontariste et r\u00e9aliste de diversification fond\u00e9e sur les atouts et la sp\u00e9cificit\u00e9 qu\u2019Essaouira a toujours fait valoir pour progresser\u00bb.<\/strong><\/p>\n<p><strong>Rappelant \u00ab\u00a0l\u2019impressionnant bond en avant r\u00e9alis\u00e9 par Essaouira ces derni\u00e8res ann\u00e9es\u00a0\u00bb, le Conseiller de SM le Roi a ajout\u00e9 que \u00ab\u00a0cette renaissance nourrie par la Culture, le Patrimoine, l\u2019exceptionnelle richesse de tous nos terroirs et un site dont la beaut\u00e9 et l\u2019\u00e9cologie se sont impos\u00e9s \u00e0 tous\u00a0\u00bb autorisait toutes les ambitions et tous les espoirs pour \u00ab\u00a0gagner ce nouveau d\u00e9fi\u00a0\u00bb.<\/strong><\/p>\n<p><strong>Les acquis accumul\u00e9s ces derni\u00e8res ann\u00e9es \u00ab\u00a0apportent plus de visibilit\u00e9 pour davantage de coh\u00e9rence et de rationalit\u00e9 dans notre d\u00e9marche\u201d, a affirm\u00e9 Azoulay, se f\u00e9licitant de l\u2019organisation de ce forum qui servira de \u201cmarqueur\u201d important pour le lancement de la grande Journ\u00e9e Economique d\u2019Essaouira, pr\u00e9vue les 26 et 27 octobre prochain.<\/strong><\/p>\n<p><strong>Mettant en \u00e9vidence l\u2019exceptionnelle notori\u00e9t\u00e9 du nom d\u2019Essaouira et de Mogador \u00e0 travers le monde, Azoulay a ajout\u00e9 que le temps est venu de \u201ccapitaliser, de structurer et de labelliser cet atout qui sera d\u00e9terminant pour le succ\u00e8s de notre strat\u00e9gie post Covid\u201d.<\/strong><\/p>\n","protected":false},"excerpt":{"rendered":"<p>Rabat: Le12.ma La diversification de l\u2019\u00e9cosyst\u00e8me souiri \u201cest un imp\u00e9ratif qui, d\u00e9sormais, s\u2019impose \u00e0 tous\u201d, a affirm\u00e9, jeudi \u00e0 Essaouira, Andr\u00e9 Azoulay, Conseiller de Sa Majest\u00e9 le Roi et Pr\u00e9sident-Fondateur de l\u2019Association Essaouira-Mogador. S\u2019exprimant en ouverture d\u2019une journ\u00e9e d\u00e9di\u00e9e \u00e0 la \u00abco-construction de l\u2019offre d\u2019investissement\u00bb dans la province d\u2019Essaouira, initi\u00e9e par Essaouira Innovation Lab, Azoulay [&hellip;]<\/p>\n","protected":false},"author":2,"featured_media":16693,"comment_status":"open","ping_status":"open","sticky":false,"template":"","format":"standard","meta":[],"categories":[31,22,24],"tags":[],"yst_prominent_words":[3606,367,1268,359,613],"jetpack_featured_media_url":"https:\/\/le12.ma\/fr\/wp-content\/uploads\/2021\/05\/1590944070Andre_Azoulay_5Wp6R9D.jpg","_links":{"self":[{"href":"https:\/\/le12.ma\/fr\/wp-json\/wp\/v2\/posts\/16692"}],"collection":[{"href":"https:\/\/le12.ma\/fr\/wp-json\/wp\/v2\/posts"}],"about":[{"href":"https:\/\/le12.ma\/fr\/wp-json\/wp\/v2\/types\/post"}],"author":[{"embeddable":true,"href":"https:\/\/le12.ma\/fr\/wp-json\/wp\/v2\/users\/2"}],"replies":[{"embeddable":true,"href":"https:\/\/le12.ma\/fr\/wp-json\/wp\/v2\/comments?post=16692"}],"version-history":[{"count":1,"href":"https:\/\/le12.ma\/fr\/wp-json\/wp\/v2\/posts\/16692\/revisions"}],"predecessor-version":[{"id":16694,"href":"https:\/\/le12.ma\/fr\/wp-json\/wp\/v2\/posts\/16692\/revisions\/16694"}],"wp:featuredmedia":[{"embeddable":true,"href":"https:\/\/le12.ma\/fr\/wp-json\/wp\/v2\/media\/16693"}],"wp:attachment":[{"href":"https:\/\/le12.ma\/fr\/wp-json\/wp\/v2\/media?parent=16692"}],"wp:term":[{"taxonomy":"category","embeddable":true,"href":"https:\/\/le12.ma\/fr\/wp-json\/wp\/v2\/categories?post=16692"},{"taxonomy":"post_tag","embeddable":true,"href":"https:\/\/le12.ma\/fr\/wp-json\/wp\/v2\/tags?post=16692"},{"taxonomy":"yst_prominent_words","embeddable":true,"href":"https:\/\/le12.ma\/fr\/wp-json\/wp\/v2\/yst_prominent_words?post=16692"}],"curies":[{"name":"wp","href":"https:\/\/api.w.org\/{rel}","templated":true}]}}