{"id":16622,"date":"2021-05-20T17:30:49","date_gmt":"2021-05-20T16:30:49","guid":{"rendered":"https:\/\/le12.ma\/fr\/?p=16622"},"modified":"2021-05-20T18:05:19","modified_gmt":"2021-05-20T17:05:19","slug":"la-5g-garantira-un-vif-essor-des-usages-numeriques","status":"publish","type":"post","link":"https:\/\/le12.ma\/fr\/la-5g-garantira-un-vif-essor-des-usages-numeriques\/","title":{"rendered":"La 5G garantira \u00a0\u00bb un vif essor \u00a0\u00bb des usages num\u00e9riques"},"content":{"rendered":"<p><span style=\"color: #ff0000;\"><strong>Casablanca-Le12.ma<\/strong><\/span><\/p>\n<p><strong>La 5G est une technologie de rupture qui garantira \u00ab un vif essor \u00bb des nouveaux usages et services num\u00e9riques dans plusieurs domaines, a indiqu\u00e9, jeudi, Khalid Ziani, Expert IT et T\u00e9l\u00e9coms.<\/strong><\/p>\n<p><strong>Ces usages vont, en effet, acc\u00e9l\u00e9rer la transformation num\u00e9rique dans les domaines agricoles, de sant\u00e9, d\u2019\u00e9ducation et de d\u00e9fense, a soulign\u00e9 M. Ziani, lors d\u2019un webinaire organis\u00e9 par \u00ab Economie-Entreprises \u00bb, sous la th\u00e9matique: \u00ab 5G, luxe ou n\u00e9cessit\u00e9 ?: Acc\u00e9l\u00e9rateur de la transformation num\u00e9rique \u00bb.<\/strong><\/p>\n<p><strong>Il a, dans ce sens, relev\u00e9 que la 5G va permettre un rebond tr\u00e8s important des d\u00e9bits pour faire face \u00e0 l\u2019augmentation de la sollicitation de la bande passante, qui cro\u00eet dans le secteur des t\u00e9l\u00e9coms, a-t-il dit, de plus de 40% par an et en particulier pendant la pand\u00e9mie, en plus de r\u00e9duire le temps de latence \u00e0 un minimum.<\/strong><\/p>\n<p><strong>Selon M. Ziani, cette technologie ne se limite pas \u00e0 offrir une am\u00e9lioration du d\u00e9bit pour une utilisation qui b\u00e9n\u00e9ficie aux particuliers. Elle est surtout utile pour les entreprises et pour le d\u00e9veloppement \u00e9conomique, puisque \u00ab tout le monde bascule vers le num\u00e9rique: l\u2019\u00e9ducation, la sant\u00e9, etc \u00bb.<\/strong><\/p>\n<p><strong>\u00ab Technologiquement parlant, le Maroc doit s\u2019y mettre afin de ne pas se couper du reste du monde et ne pas \u00eatre d\u00e9phas\u00e9 \u00bb, a-t-il soutenu.<\/strong><\/p>\n<p><strong>Pour sa part, Nasser Kettani, Co-fondateur de \u00ab Hidden Clouders \u00bb a fait observer que les enjeux de la 5G d\u00e9passent de loin les simples usages pour particuliers, pr\u00e9cisant que parall\u00e8lement aux \u00e9volutions technologiques, les besoins des entreprises ne cessent de se multiplier, d\u2019o\u00f9 la n\u00e9cessit\u00e9 pour la technologie de s\u2019y adapter.<\/strong><\/p>\n<p><strong>Loin de se r\u00e9sumer \u00e0 une simple \u00e9volution de la 4G, la 5\u00e8me g\u00e9n\u00e9ration de r\u00e9seau mobile s\u2019annonce comme une technologie \u00e0 m\u00eame de permettre de transf\u00e9rer davantage les volumes de donn\u00e9es massifs dans diff\u00e9rents domaines, a-t-il fait remarquer.<\/strong><\/p>\n<p><strong>Dans le m\u00eame sillage, Bassim Bennani, Chief Marketing Officer Afrique \u00e0 Nokia, a mis l\u2019accent sur la capacit\u00e9 de la 5G de pousser les limites de la technologie pour pouvoir atteindre une grande vitesse et donc la possibilit\u00e9 d\u2019avoir des robots pilot\u00e9s orchestr\u00e9s par des ordinateurs sans pour autant \u00ab avoir une intervention humaine. \u00bb<\/strong><\/p>\n<p><strong>De l\u2019avis de M. Bennani, ce v\u00e9ritable \u00ab moteur de l\u2019\u00e9conomie \u00bb permettra avant tout l\u2019\u00e9closion de nouvelles applications en plus d\u2019offrir de nouvelles perspectives aux entreprises en leur permettant d\u2019\u00eatre plus productives, de favoriser les m\u00e9thodes de communication \u00e0 distance et d\u2019\u00e9tendre l\u2019utilisation de leurs outils strat\u00e9giques \u00e0 tous les appareils mobiles.<\/strong><\/p>\n","protected":false},"excerpt":{"rendered":"<p>Casablanca-Le12.ma La 5G est une technologie de rupture qui garantira \u00ab un vif essor \u00bb des nouveaux usages et services num\u00e9riques dans plusieurs domaines, a indiqu\u00e9, jeudi, Khalid Ziani, Expert IT et T\u00e9l\u00e9coms. Ces usages vont, en effet, acc\u00e9l\u00e9rer la transformation num\u00e9rique dans les domaines agricoles, de sant\u00e9, d\u2019\u00e9ducation et de d\u00e9fense, a soulign\u00e9 M. [&hellip;]<\/p>\n","protected":false},"author":4,"featured_media":16623,"comment_status":"open","ping_status":"open","sticky":false,"template":"","format":"standard","meta":[],"categories":[26,3884,54],"tags":[6999,7000],"yst_prominent_words":[669,3386,834,3059,408,3378,343,178],"jetpack_featured_media_url":"https:\/\/le12.ma\/fr\/wp-content\/uploads\/2021\/05\/5g.jpg","_links":{"self":[{"href":"https:\/\/le12.ma\/fr\/wp-json\/wp\/v2\/posts\/16622"}],"collection":[{"href":"https:\/\/le12.ma\/fr\/wp-json\/wp\/v2\/posts"}],"about":[{"href":"https:\/\/le12.ma\/fr\/wp-json\/wp\/v2\/types\/post"}],"author":[{"embeddable":true,"href":"https:\/\/le12.ma\/fr\/wp-json\/wp\/v2\/users\/4"}],"replies":[{"embeddable":true,"href":"https:\/\/le12.ma\/fr\/wp-json\/wp\/v2\/comments?post=16622"}],"version-history":[{"count":1,"href":"https:\/\/le12.ma\/fr\/wp-json\/wp\/v2\/posts\/16622\/revisions"}],"predecessor-version":[{"id":16624,"href":"https:\/\/le12.ma\/fr\/wp-json\/wp\/v2\/posts\/16622\/revisions\/16624"}],"wp:featuredmedia":[{"embeddable":true,"href":"https:\/\/le12.ma\/fr\/wp-json\/wp\/v2\/media\/16623"}],"wp:attachment":[{"href":"https:\/\/le12.ma\/fr\/wp-json\/wp\/v2\/media?parent=16622"}],"wp:term":[{"taxonomy":"category","embeddable":true,"href":"https:\/\/le12.ma\/fr\/wp-json\/wp\/v2\/categories?post=16622"},{"taxonomy":"post_tag","embeddable":true,"href":"https:\/\/le12.ma\/fr\/wp-json\/wp\/v2\/tags?post=16622"},{"taxonomy":"yst_prominent_words","embeddable":true,"href":"https:\/\/le12.ma\/fr\/wp-json\/wp\/v2\/yst_prominent_words?post=16622"}],"curies":[{"name":"wp","href":"https:\/\/api.w.org\/{rel}","templated":true}]}}