{"id":16488,"date":"2021-05-17T13:20:29","date_gmt":"2021-05-17T12:20:29","guid":{"rendered":"https:\/\/le12.ma\/fr\/?p=16488"},"modified":"2021-05-17T13:43:22","modified_gmt":"2021-05-17T12:43:22","slug":"la-loi-n56-20-apportera-un-nouveau-cadre-juridique-a-la-creation-de-musees-avec-un-label-officiel-fnm","status":"publish","type":"post","link":"https:\/\/le12.ma\/fr\/la-loi-n56-20-apportera-un-nouveau-cadre-juridique-a-la-creation-de-musees-avec-un-label-officiel-fnm\/","title":{"rendered":"La loi N\u00b056.20 apportera un nouveau cadre juridique \u00e0 la cr\u00e9ation de mus\u00e9es, avec un label officiel (FNM)"},"content":{"rendered":"<p><span style=\"color: #ff0000;\"><strong>Rabat-Le12.ma<\/strong><\/span><\/p>\n<p><strong>La loi N\u00b056.20 apportera un tout nouveau cadre juridique \u00e0 la cr\u00e9ation de mus\u00e9es, avec un label officiel, le label \u201cmus\u00e9e\u201d, qui s\u2019aligne sur les pr\u00e9requis et les r\u00e9glementations en vigueur dans le domaine mus\u00e9ographique \u00e0 l\u2019international, affirme la Fondation Nationale des Mus\u00e9es (FNM).<\/strong><\/p>\n<p><strong>Dans un communiqu\u00e9, la Fondation souligne que cette loi, publi\u00e9e au Bulletin Officiel, le 13 mai 2021, apr\u00e8s son passage \u00e0 la Commission de l\u2019Enseignement et des affaires culturelles et sociales aux deux Chambres du Parlement, \u201cpermettra au Maroc de s\u2019inscrire \u00e0 la fois sur la sc\u00e8ne artistique m\u00e9diterran\u00e9enne et europ\u00e9enne et de travailler sur la protection des biens culturels, le trafic illicite de biens et la dotation des structures mus\u00e9ales d\u2019un cahier des charges\u201d.<\/strong><\/p>\n<p><strong>Conform\u00e9ment \u00e0 la Volont\u00e9 Royale de Sa Majest\u00e9 le Roi Mohammed VI de placer la culture comme facteur essentiel dans le d\u00e9veloppement de la soci\u00e9t\u00e9, la loi N\u00b056.20 est le r\u00e9sultat de dix ann\u00e9es d\u2019exp\u00e9rience et de savoir-faire acquis par la FNM et les \u00e9tablissements mus\u00e9aux, salu\u00e9es dans le monde, qui ont contribu\u00e9 au d\u00e9veloppement des secteurs culturel et mus\u00e9al, rappelle le communiqu\u00e9.<\/strong><\/p>\n<p><strong>Par cette loi, d\u00e9fendue par la Fondation Nationale des Mus\u00e9es, avec le soutien du minist\u00e8re de la Culture, de la Jeunesse et des Sports, la FNM \u201cva mettre \u00e0 contribution son savoir-faire et son expertise en soutenant et en accompagnant les structures publiques et priv\u00e9es pour se conformer aux normes mus\u00e9ales ou cr\u00e9er un mus\u00e9e\u201d, explique la m\u00eame source, ajoutant que les espaces dits \u201cmus\u00e9es\u201d auront 3 ans pour se mettre \u00e0 niveau.<\/strong><\/p>\n<p><strong>\u201cUne fois le label attribu\u00e9, celui-ci sera soumis \u00e0 un renouvellement au bout de quatre ans, p\u00e9riode au terme de laquelle un point sera fait sur la situation du mus\u00e9e et le niveau des collections pr\u00e9sent\u00e9es\u201d, poursuit le communiqu\u00e9.<\/strong><\/p>\n<p><strong>Et de faire savoir que c\u2019est pour la premi\u00e8re fois sur le Continent africain qu\u2019une loi r\u00e9gira l\u2019appellation \u201cmus\u00e9e\u201d, plus de cent ans apr\u00e8s la cr\u00e9ation du premier mus\u00e9e au Royaume, notant qu\u2019elle s\u2019inscrit dans la continuit\u00e9 de la loi 22.80 relative \u00e0 la conservation des monuments historiques, des sites et des inscriptions des objets d\u2019art et d\u2019antiquit\u00e9s, quarante ans apr\u00e8s sa publication.<\/strong><\/p>\n<p><strong>Cette loi n\u2019aurait pas pu se concr\u00e9tiser sans le pr\u00e9cieux soutien du minist\u00e8re de la Culture, de la Jeunesse et des Sports, des experts du Secr\u00e9tariat G\u00e9n\u00e9ral du Gouvernement, des deux Chambres du Parlement, de la Commission de l\u2019Enseignement et des affaires culturelles et sociales et des \u00e9quipes de la FNM, indique le communiqu\u00e9.<\/strong><\/p>\n<p><strong>La Fondation pr\u00e9cise, en outre, que les mus\u00e9es Maroc t\u00e9l\u00e9com, Bank Al Maghrib, Yves Saint Laurent, MACAAL et le mus\u00e9e de la Fondation Abderrahman Slaoui, entre autres, sont des exemples concrets de r\u00e9ussite et de respect des normes mus\u00e9ographiques internationales.<\/strong><\/p>\n<p><strong>Relevant que la Journ\u00e9e internationale des mus\u00e9es, c\u00e9l\u00e9br\u00e9e le 18 mai de chaque ann\u00e9e, marque une nouvelle \u00e9tape pour les mus\u00e9es du Maroc apr\u00e8s dix ann\u00e9es d\u2019existence de la Fondation, la FNM soutient, en conclusion, qu\u2019elle poursuit sa mission de doter chaque ville du Royaume d\u2019un mus\u00e9e par l\u2019ouverture prochaine du mus\u00e9e des arts de l\u2019Islam \u00e0 F\u00e8s, du mus\u00e9e de la musique \u00e0 Mekn\u00e8s, du mus\u00e9e du patrimoine mat\u00e9riel et immat\u00e9riel Jama\u00e2 Lafna et du mus\u00e9e Bab Okla \u00e0 T\u00e9touan.<\/strong><\/p>\n","protected":false},"excerpt":{"rendered":"<p>Rabat-Le12.ma La loi N\u00b056.20 apportera un tout nouveau cadre juridique \u00e0 la cr\u00e9ation de mus\u00e9es, avec un label officiel, le label \u201cmus\u00e9e\u201d, qui s\u2019aligne sur les pr\u00e9requis et les r\u00e9glementations en vigueur dans le domaine mus\u00e9ographique \u00e0 l\u2019international, affirme la Fondation Nationale des Mus\u00e9es (FNM). Dans un communiqu\u00e9, la Fondation souligne que cette loi, publi\u00e9e [&hellip;]<\/p>\n","protected":false},"author":4,"featured_media":16489,"comment_status":"open","ping_status":"open","sticky":false,"template":"","format":"standard","meta":[],"categories":[26,31,54],"tags":[6952],"yst_prominent_words":[1468,841,1456,1453,1686,1459,1104],"jetpack_featured_media_url":"https:\/\/le12.ma\/fr\/wp-content\/uploads\/2021\/05\/musee-DR.jpg","_links":{"self":[{"href":"https:\/\/le12.ma\/fr\/wp-json\/wp\/v2\/posts\/16488"}],"collection":[{"href":"https:\/\/le12.ma\/fr\/wp-json\/wp\/v2\/posts"}],"about":[{"href":"https:\/\/le12.ma\/fr\/wp-json\/wp\/v2\/types\/post"}],"author":[{"embeddable":true,"href":"https:\/\/le12.ma\/fr\/wp-json\/wp\/v2\/users\/4"}],"replies":[{"embeddable":true,"href":"https:\/\/le12.ma\/fr\/wp-json\/wp\/v2\/comments?post=16488"}],"version-history":[{"count":1,"href":"https:\/\/le12.ma\/fr\/wp-json\/wp\/v2\/posts\/16488\/revisions"}],"predecessor-version":[{"id":16490,"href":"https:\/\/le12.ma\/fr\/wp-json\/wp\/v2\/posts\/16488\/revisions\/16490"}],"wp:featuredmedia":[{"embeddable":true,"href":"https:\/\/le12.ma\/fr\/wp-json\/wp\/v2\/media\/16489"}],"wp:attachment":[{"href":"https:\/\/le12.ma\/fr\/wp-json\/wp\/v2\/media?parent=16488"}],"wp:term":[{"taxonomy":"category","embeddable":true,"href":"https:\/\/le12.ma\/fr\/wp-json\/wp\/v2\/categories?post=16488"},{"taxonomy":"post_tag","embeddable":true,"href":"https:\/\/le12.ma\/fr\/wp-json\/wp\/v2\/tags?post=16488"},{"taxonomy":"yst_prominent_words","embeddable":true,"href":"https:\/\/le12.ma\/fr\/wp-json\/wp\/v2\/yst_prominent_words?post=16488"}],"curies":[{"name":"wp","href":"https:\/\/api.w.org\/{rel}","templated":true}]}}