{"id":16316,"date":"2021-04-28T00:48:13","date_gmt":"2021-04-28T00:48:13","guid":{"rendered":"https:\/\/le12.ma\/fr\/?p=16316"},"modified":"2021-04-28T00:48:13","modified_gmt":"2021-04-28T00:48:13","slug":"rabat-operation-de-sensibilisation-autour-des-valeurs-historiques-de-la-capitale","status":"publish","type":"post","link":"https:\/\/le12.ma\/fr\/rabat-operation-de-sensibilisation-autour-des-valeurs-historiques-de-la-capitale\/","title":{"rendered":"Rabat : Op\u00e9ration de sensibilisation autour des valeurs historiques de la capitale"},"content":{"rendered":"<p><strong><span style=\"color: #ff0000;\">Rabat-Le 12.ma<\/span><\/strong><\/p>\n<p><strong>La Fondation pour la sauvegarde du patrimoine culturel de Rabat et l\u2019Acad\u00e9mie r\u00e9gionale de l\u2019\u00e9ducation et de la formation (AREF) ont organis\u00e9 mardi une action de sensibilisation et de vulgarisation autour des valeurs historiques de la capitale.<\/strong><\/p>\n<p><strong>Pr\u00e9sid\u00e9e par Son Altesse Royale la Princesse Lalla Hasnaa, la Fondation pour la sauvegarde du patrimoine culturel de Rabat veille \u00e0 assurer la continuit\u00e9 des valeurs historiques et architecturales originales du patrimoine culturel de Rabat, et leur transmission entre les g\u00e9n\u00e9rations, a indiqu\u00e9, \u00e0 cette occasion, le secr\u00e9taire g\u00e9n\u00e9ral de la Fondation, Karim Tajmouati.<\/strong><\/p>\n<p><strong>En parall\u00e8le \u00e0 cette action, 400 \u00e9coliers r\u00e9partis sur 20 \u00e9coles de Rabat participeront \u00e0 l\u2019atelier artistique \u201cje dessine mon patrimoine\u201d, a fait savoir M. Tajmouati, ajoutant que l\u2019objectif est de sensibiliser ces \u00e9coliers aux valeurs historiques de Rabat, \u00e0 travers notamment la cr\u00e9ation artistique.<\/strong><\/p>\n<p><strong>Cette op\u00e9ration vise \u00e9galement \u00e0 faire d\u00e9couvrir aux \u00e9coliers sous la conduite de leur enseignant la port\u00e9e de l\u2019inscription de Rabat sur la liste du patrimoine mondial de l\u2019UNESCO et de les sensibiliser par rapport \u00e0 sa valeur universelle exceptionnelle, a-t-il ajout\u00e9.<\/strong><\/p>\n<p><strong>De son c\u00f4t\u00e9, le directeur de l\u2019AREF Rabat-Sal\u00e9-K\u00e9nitra, Mohamed Aderdour, a indiqu\u00e9 que cette action s\u2019inscrit dans le cadre d\u2019une s\u00e9rie d\u2019actions de sensibilisation et de vulgarisation autour des valeurs historiques de Rabat programm\u00e9es \u00e0 l\u2019occasion de la Journ\u00e9e internationale des monuments et des sites.<\/strong><\/p>\n<p><strong>Et de poursuivre que l\u2019objectif de cette action est d\u2019\u00e9clairer les \u00e9coliers sur le pass\u00e9 riche de la capitale et se projeter sur l\u2019avenir, notant que les travaux des \u00e9coliers feront l\u2019objet d\u2019exposition, une fois les conditions sanitaires le permettront.<\/strong><\/p>\n<p><strong>Institu\u00e9e par le Conseil international des Monuments et des Sites depuis 1982, la journ\u00e9e internationale des monuments et des sites est c\u00e9l\u00e9br\u00e9e annuellement le 18 avril. Le th\u00e8me retenu pour cette ann\u00e9e est \u201cpass\u00e9s complexes, Futurs divers\u201d.<\/strong><\/p>\n<p><strong>Dans ce sillage, la Fondation et le conseil Maroc c\u00e9l\u00e8brent cet \u00e9v\u00e9nement en programmant des actions de sensibilisation autour des valeurs historiques de Rabat.<\/strong><\/p>\n<p><strong>En plus de l\u2019int\u00e9r\u00eat particulier port\u00e9 par les jeunes au patrimoine, un webinaire destin\u00e9 au grand public est programm\u00e9 pour le 29 avril autour du m\u00eame th\u00e8me. Ce webinaire \u00e9voquera le pass\u00e9 mill\u00e9naire de Rabat et sa R\u00e9gion et ce depuis l\u2019antiquit\u00e9 jusqu\u2019\u00e0 nos jours. Il traitera aussi de la valeur universelle exceptionnelle de la capitale, class\u00e9e patrimoine mondiale depuis 2012 et comment la pr\u00e9server pour la transmettre aux g\u00e9n\u00e9rations futures.<\/strong><\/p>\n<p><strong>Depuis l\u2019inscription de Rabat au patrimoine mondial de l\u2019humanit\u00e9 en 2012, la Fondation pour la Sauvegarde du Patrimoine Culturel de Rabat a \u00e9t\u00e9 consacr\u00e9e en tant qu\u2019organe transversal de coordination des actions de sauvegarde et de mise en valeur du patrimoine pr\u00e9vu par le plan de gestion, outil de gouvernance du bien inscrit par l\u2019UNESCO.<\/strong><\/p>\n","protected":false},"excerpt":{"rendered":"<p>Rabat-Le 12.ma La Fondation pour la sauvegarde du patrimoine culturel de Rabat et l\u2019Acad\u00e9mie r\u00e9gionale de l\u2019\u00e9ducation et de la formation (AREF) ont organis\u00e9 mardi une action de sensibilisation et de vulgarisation autour des valeurs historiques de la capitale. Pr\u00e9sid\u00e9e par Son Altesse Royale la Princesse Lalla Hasnaa, la Fondation pour la sauvegarde du patrimoine [&hellip;]<\/p>\n","protected":false},"author":4,"featured_media":16317,"comment_status":"open","ping_status":"open","sticky":false,"template":"","format":"standard","meta":[],"categories":[26,31,54],"tags":[6910],"yst_prominent_words":[299],"jetpack_featured_media_url":"https:\/\/le12.ma\/fr\/wp-content\/uploads\/2021\/04\/valeurs-historiques-de-la-capitale.jpg","_links":{"self":[{"href":"https:\/\/le12.ma\/fr\/wp-json\/wp\/v2\/posts\/16316"}],"collection":[{"href":"https:\/\/le12.ma\/fr\/wp-json\/wp\/v2\/posts"}],"about":[{"href":"https:\/\/le12.ma\/fr\/wp-json\/wp\/v2\/types\/post"}],"author":[{"embeddable":true,"href":"https:\/\/le12.ma\/fr\/wp-json\/wp\/v2\/users\/4"}],"replies":[{"embeddable":true,"href":"https:\/\/le12.ma\/fr\/wp-json\/wp\/v2\/comments?post=16316"}],"version-history":[{"count":1,"href":"https:\/\/le12.ma\/fr\/wp-json\/wp\/v2\/posts\/16316\/revisions"}],"predecessor-version":[{"id":16318,"href":"https:\/\/le12.ma\/fr\/wp-json\/wp\/v2\/posts\/16316\/revisions\/16318"}],"wp:featuredmedia":[{"embeddable":true,"href":"https:\/\/le12.ma\/fr\/wp-json\/wp\/v2\/media\/16317"}],"wp:attachment":[{"href":"https:\/\/le12.ma\/fr\/wp-json\/wp\/v2\/media?parent=16316"}],"wp:term":[{"taxonomy":"category","embeddable":true,"href":"https:\/\/le12.ma\/fr\/wp-json\/wp\/v2\/categories?post=16316"},{"taxonomy":"post_tag","embeddable":true,"href":"https:\/\/le12.ma\/fr\/wp-json\/wp\/v2\/tags?post=16316"},{"taxonomy":"yst_prominent_words","embeddable":true,"href":"https:\/\/le12.ma\/fr\/wp-json\/wp\/v2\/yst_prominent_words?post=16316"}],"curies":[{"name":"wp","href":"https:\/\/api.w.org\/{rel}","templated":true}]}}