{"id":1606,"date":"2020-08-16T12:40:39","date_gmt":"2020-08-16T11:40:39","guid":{"rendered":"https:\/\/le12.ma\/fr\/?p=1606"},"modified":"2020-08-16T12:40:39","modified_gmt":"2020-08-16T11:40:39","slug":"la-science-pietine-elle-balbutie-elle-begaie","status":"publish","type":"post","link":"https:\/\/le12.ma\/fr\/la-science-pietine-elle-balbutie-elle-begaie\/","title":{"rendered":"La science pi\u00e9tine&#8230;Elle balbutie ..Elle begaie"},"content":{"rendered":"<p class=\"p2\"><img decoding=\"async\" loading=\"lazy\" class=\"alignnone size-thumbnail wp-image-1608\" src=\"https:\/\/le12.ma\/fr\/wp-content\/uploads\/2020\/08\/0AA5587A-58F3-412D-8E29-D9C6F0FCB0F0-150x150.jpeg\" alt=\"\" width=\"150\" height=\"150\" srcset=\"https:\/\/le12.ma\/fr\/wp-content\/uploads\/2020\/08\/0AA5587A-58F3-412D-8E29-D9C6F0FCB0F0-150x150.jpeg 150w, https:\/\/le12.ma\/fr\/wp-content\/uploads\/2020\/08\/0AA5587A-58F3-412D-8E29-D9C6F0FCB0F0-300x300.jpeg 300w\" sizes=\"(max-width: 150px) 100vw, 150px\" \/><\/p>\n<p class=\"p2\"><span style=\"color: #ff0000;\"><strong><span class=\"s1\">Par :Abedrhman Lamrani<\/span><\/strong><\/span><\/p>\n<p class=\"p2\"><strong><span class=\"s1\">Depuis d\u00e9cembre 2019 devant une pand\u00e9mie qui ,chaque jour apr\u00e8s comptage des victimes se r\u00e9v\u00e8le plus destructrice .<\/span><\/strong><\/p>\n<p class=\"p2\"><strong><span class=\"s1\">Et nous qui ,port\u00e9s par une logique ascendante ,croyions que l ere des \u00e9pid\u00e9mies et pand\u00e9mies de cette amplitude faisait partie d un pass\u00e9 lointain , moyen\u00e2geux .<\/span><\/strong><\/p>\n<p class=\"p2\"><strong><span class=\"s1\">Et pourtant la m\u00e9decine est l\u00e0,les m\u00e9decins et les laboratoires aussi. Blousons blancs masqu\u00e9s \u00e9quip\u00e9s masqu\u00e9es v\u00eatues en bleu font partie du rituel t\u00e9l\u00e9vis\u00e9 \u00e0 travers le monde .<\/span><\/strong><\/p>\n<p class=\"p2\"><strong><span class=\"s1\">Seulement voil\u00e0. La ligne de d\u00e9marcation scientifique entre savants et experts et le commun des mortels n est plus ce qu elle \u00e9tait il n ya pas si longtemps :l incertitude la peur l angoisse se trouvent \u00e9quitablement repartis entre les savants et les non savants .Faucci l epidemiologue de marque n est pas plus confiant que n importe quel traversant la rue \u00e0 New York ou ailleurs .<\/span><\/strong><\/p>\n<p class=\"p2\"><strong><span class=\"s1\">Docteur Raoult est cr\u00e9dit\u00e9 du seau de la d\u00e9couverte.le lendemain il est discr\u00e9dit\u00e9. <\/span><\/strong><\/p>\n<p class=\"p2\"><strong><span class=\"s1\">Putin lance une d\u00e9couverte russe. L OMS d\u00e9ment le bien-fond\u00e9 de l avanc\u00e9e. <\/span><\/strong><\/p>\n<p class=\"p2\"><strong><span class=\"s1\">Le vaccin pour l automne <\/span><\/strong><\/p>\n<p class=\"p2\"><strong><span class=\"s1\">Non c est pour l hiver au bas mot <\/span><\/strong><\/p>\n<p class=\"p2\"><strong><span class=\"s1\">La silicon valley fleuron de la technologies americaine et des nano research se retrouvent aussi d\u00e9sarm\u00e9e que n importe quel petit labo du Med west<\/span><\/strong><\/p>\n<p class=\"p2\"><strong><span class=\"s1\">Et toute la panoplie gigantesque de la science se trouve ramen\u00e9e pour le moment au tryptique: masques .distanciation savon.<\/span><\/strong><\/p>\n<p class=\"p2\"><strong><span class=\"s1\">Que conclure ,,du point de vue philosophique ?<\/span><\/strong><\/p>\n<p class=\"p2\"><strong><span class=\"s1\">Que la science est obsol\u00e8te. ?<\/span><\/strong><\/p>\n<p class=\"p2\"><strong><span class=\"s1\">Non pas du tout .c est verser dans dans un pessimisme noir fataliste et t\u00e9n\u00e9breux. <\/span><\/strong><\/p>\n<p class=\"p2\"><strong><span class=\"s1\">La science comme promesse de salvation et d avanc\u00e9e prodigieuse de l humanite est l\u00e0 .<\/span><\/strong><\/p>\n<p class=\"p2\"><strong><span class=\"s1\">Seulement voil\u00e0,et c est ce que je voudrais mettre comme piste de r\u00e9flexion :<\/span><\/strong><\/p>\n<p class=\"p2\"><strong><span class=\"s1\">On a trop longtemps confondu sciences et d\u00e9couvertes scientifiques et technologies .du coup dans nos imagina.<\/span><\/strong><\/p>\n<p class=\"p2\"><strong><span class=\"s1\">*universitaire<\/span><\/strong><\/p>\n","protected":false},"excerpt":{"rendered":"<p>Par :Abedrhman Lamrani Depuis d\u00e9cembre 2019 devant une pand\u00e9mie qui ,chaque jour apr\u00e8s comptage des victimes se r\u00e9v\u00e8le plus destructrice . Et nous qui ,port\u00e9s par une logique ascendante ,croyions que l ere des \u00e9pid\u00e9mies et pand\u00e9mies de cette amplitude faisait partie d un pass\u00e9 lointain , moyen\u00e2geux . Et pourtant la m\u00e9decine est l\u00e0,les [&hellip;]<\/p>\n","protected":false},"author":2,"featured_media":1607,"comment_status":"open","ping_status":"open","sticky":false,"template":"","format":"standard","meta":[],"categories":[31,24],"tags":[],"yst_prominent_words":[4978,4977,4976,4973,1002,4975,4974],"jetpack_featured_media_url":"https:\/\/le12.ma\/fr\/wp-content\/uploads\/2020\/08\/DEEA2C96-829A-462A-ACEF-E4708410EB10.jpeg","_links":{"self":[{"href":"https:\/\/le12.ma\/fr\/wp-json\/wp\/v2\/posts\/1606"}],"collection":[{"href":"https:\/\/le12.ma\/fr\/wp-json\/wp\/v2\/posts"}],"about":[{"href":"https:\/\/le12.ma\/fr\/wp-json\/wp\/v2\/types\/post"}],"author":[{"embeddable":true,"href":"https:\/\/le12.ma\/fr\/wp-json\/wp\/v2\/users\/2"}],"replies":[{"embeddable":true,"href":"https:\/\/le12.ma\/fr\/wp-json\/wp\/v2\/comments?post=1606"}],"version-history":[{"count":1,"href":"https:\/\/le12.ma\/fr\/wp-json\/wp\/v2\/posts\/1606\/revisions"}],"predecessor-version":[{"id":1609,"href":"https:\/\/le12.ma\/fr\/wp-json\/wp\/v2\/posts\/1606\/revisions\/1609"}],"wp:featuredmedia":[{"embeddable":true,"href":"https:\/\/le12.ma\/fr\/wp-json\/wp\/v2\/media\/1607"}],"wp:attachment":[{"href":"https:\/\/le12.ma\/fr\/wp-json\/wp\/v2\/media?parent=1606"}],"wp:term":[{"taxonomy":"category","embeddable":true,"href":"https:\/\/le12.ma\/fr\/wp-json\/wp\/v2\/categories?post=1606"},{"taxonomy":"post_tag","embeddable":true,"href":"https:\/\/le12.ma\/fr\/wp-json\/wp\/v2\/tags?post=1606"},{"taxonomy":"yst_prominent_words","embeddable":true,"href":"https:\/\/le12.ma\/fr\/wp-json\/wp\/v2\/yst_prominent_words?post=1606"}],"curies":[{"name":"wp","href":"https:\/\/api.w.org\/{rel}","templated":true}]}}