{"id":15912,"date":"2021-04-04T17:11:22","date_gmt":"2021-04-04T16:11:22","guid":{"rendered":"https:\/\/le12.ma\/fr\/?p=15912"},"modified":"2021-04-04T17:11:22","modified_gmt":"2021-04-04T16:11:22","slug":"tetouan-creation-du-parcours-etudes-et-musique-dans-les-ecoles-de-la-deuxieme-chance","status":"publish","type":"post","link":"https:\/\/le12.ma\/fr\/tetouan-creation-du-parcours-etudes-et-musique-dans-les-ecoles-de-la-deuxieme-chance\/","title":{"rendered":"T\u00e9touan: Cr\u00e9ation du parcours \u201c\u00e9tudes et musique\u201d dans les \u00e9coles de la deuxi\u00e8me chance"},"content":{"rendered":"<p><span style=\"color: #ff0000;\"><strong>T\u00e9touan \u2013 le12<\/strong><\/span><br \/>\n<strong>La direction provinciale de l\u2019Education nationale \u00e0 T\u00e9touan a cr\u00e9\u00e9 une nouvelle sp\u00e9cialit\u00e9 \u201c\u00e9tudes et musique\u201d au niveau de l\u2019\u00e9cole de la deuxi\u00e8me chance \u2013 nouvelle g\u00e9n\u00e9ration \u201cAl Fadila\u201d de T\u00e9touan.<\/strong><br \/>\n<strong>La direction provinciale de l\u2019Education nationale vise, \u00e0 travers cette initiative qui intervient conform\u00e9ment au nouveau souffle de r\u00e9forme port\u00e9 par la loi-cadre cadre n\u00b051.17 relative au syst\u00e8me d\u2019\u00e9ducation, de formation et de recherche scientifique, le renforcement de l\u2019offre \u00e9ducative et la contribution \u00e0 la pr\u00e9servation du patrimoine culturel andalou de T\u00e9touan.<\/strong><br \/>\n<strong>Cette nouvelle sp\u00e9cialit\u00e9, qui s\u2019inscrit dans le cadre de la r\u00e9alisation des projets relatifs \u00e0 la mise en oeuvre de la loi-cadre n\u00b051.17, est le fruit d\u2019un partenariat entre la direction provinciale de l\u2019Education nationale, le Conservatoire r\u00e9gional de musique et de sc\u00e9nographie et l\u2019association Abdessadeq Cheqara de la musique andalouse, avec le soutien du Fonds des Nations unies pour l\u2019enfance (Unicef).<\/strong><br \/>\n<strong>Elle permettra aux jeunes de l\u2019\u00e9cole de la deuxi\u00e8me chance \u201cAl Fadila\u201d de recevoir un enseignement de base, tout en b\u00e9n\u00e9ficiant d\u2019une formation acad\u00e9mique dans le domaine de la musique andalouse.<\/strong><br \/>\n<strong>La cr\u00e9ation de ce parcours scolaire vient dans le cadre de la mise en oeuvre des dispositions de la loi-cadre, notamment celle relative au rattrapage scolaire, l\u2019am\u00e9lioration de l\u2019efficacit\u00e9 de l\u2019\u00e9ducation non formelle et l\u2019\u00e9largissement de l\u2019offre \u00e9ducative des \u00e9tablissements d\u2019\u00e9ducation de formation, en particulier les \u00e9coles de la deuxi\u00e8me chance.<\/strong><br \/>\n<strong>Les b\u00e9n\u00e9ficiaires de cette nouvelle sp\u00e9cialit\u00e9 suivront des cours de qualification \u00e9ducative et de formation professionnelle dans le domaine de la musique, notamment la musique andalouse et la musique du patrimoine, et obtiendront, en fin d\u2019\u00e9tudes, des dipl\u00f4mes certifi\u00e9s qui leur permettront d\u2019int\u00e9grer le march\u00e9 du travail ou poursuivre leurs \u00e9tudes.<\/strong><br \/>\n<strong>L\u2019Unicef a contribu\u00e9 \u00e0 la cr\u00e9ation de ce nouveau parcours scolaire en garantissant le soutien logistique et en accordant un don comprenant plusieurs \u00e9quipements et instruments de musique.<\/strong><\/p>\n","protected":false},"excerpt":{"rendered":"<p>T\u00e9touan \u2013 le12 La direction provinciale de l\u2019Education nationale \u00e0 T\u00e9touan a cr\u00e9\u00e9 une nouvelle sp\u00e9cialit\u00e9 \u201c\u00e9tudes et musique\u201d au niveau de l\u2019\u00e9cole de la deuxi\u00e8me chance \u2013 nouvelle g\u00e9n\u00e9ration \u201cAl Fadila\u201d de T\u00e9touan. La direction provinciale de l\u2019Education nationale vise, \u00e0 travers cette initiative qui intervient conform\u00e9ment au nouveau souffle de r\u00e9forme port\u00e9 par [&hellip;]<\/p>\n","protected":false},"author":4,"featured_media":15913,"comment_status":"open","ping_status":"open","sticky":false,"template":"","format":"standard","meta":[],"categories":[26,31],"tags":[],"yst_prominent_words":[1374,943,1124,1936,2115],"jetpack_featured_media_url":"https:\/\/le12.ma\/fr\/wp-content\/uploads\/2021\/04\/tetouan.jpg","_links":{"self":[{"href":"https:\/\/le12.ma\/fr\/wp-json\/wp\/v2\/posts\/15912"}],"collection":[{"href":"https:\/\/le12.ma\/fr\/wp-json\/wp\/v2\/posts"}],"about":[{"href":"https:\/\/le12.ma\/fr\/wp-json\/wp\/v2\/types\/post"}],"author":[{"embeddable":true,"href":"https:\/\/le12.ma\/fr\/wp-json\/wp\/v2\/users\/4"}],"replies":[{"embeddable":true,"href":"https:\/\/le12.ma\/fr\/wp-json\/wp\/v2\/comments?post=15912"}],"version-history":[{"count":1,"href":"https:\/\/le12.ma\/fr\/wp-json\/wp\/v2\/posts\/15912\/revisions"}],"predecessor-version":[{"id":15914,"href":"https:\/\/le12.ma\/fr\/wp-json\/wp\/v2\/posts\/15912\/revisions\/15914"}],"wp:featuredmedia":[{"embeddable":true,"href":"https:\/\/le12.ma\/fr\/wp-json\/wp\/v2\/media\/15913"}],"wp:attachment":[{"href":"https:\/\/le12.ma\/fr\/wp-json\/wp\/v2\/media?parent=15912"}],"wp:term":[{"taxonomy":"category","embeddable":true,"href":"https:\/\/le12.ma\/fr\/wp-json\/wp\/v2\/categories?post=15912"},{"taxonomy":"post_tag","embeddable":true,"href":"https:\/\/le12.ma\/fr\/wp-json\/wp\/v2\/tags?post=15912"},{"taxonomy":"yst_prominent_words","embeddable":true,"href":"https:\/\/le12.ma\/fr\/wp-json\/wp\/v2\/yst_prominent_words?post=15912"}],"curies":[{"name":"wp","href":"https:\/\/api.w.org\/{rel}","templated":true}]}}