{"id":15856,"date":"2021-04-03T13:15:07","date_gmt":"2021-04-03T12:15:07","guid":{"rendered":"https:\/\/le12.ma\/fr\/?p=15856"},"modified":"2021-04-03T13:15:07","modified_gmt":"2021-04-03T12:15:07","slug":"agadir-des-spectacles-pour-celebrer-lanniversaire-de-creation-du-centre-culturel-les-etoiles-du-souss","status":"publish","type":"post","link":"https:\/\/le12.ma\/fr\/agadir-des-spectacles-pour-celebrer-lanniversaire-de-creation-du-centre-culturel-les-etoiles-du-souss\/","title":{"rendered":"Agadir: Des spectacles pour c\u00e9l\u00e9brer l\u2019anniversaire de cr\u00e9ation du centre culturel \u201cLes \u00e9toiles Du Souss\u201d"},"content":{"rendered":"<p><span style=\"color: #ff0000;\"><strong>Agadir \u2013 le12<\/strong><\/span><br \/>\n<strong>Des spectacles ont \u00e9t\u00e9 organis\u00e9s, vendredi au centre culturel \u201cles \u00e9toiles du Souss\u201d \u00e0 Agadir, et ce en c\u00e9l\u00e9bration de l\u2019anniversaire de sa cr\u00e9ation \u00e0 l\u2019initiative de la Fondation Ali Zaoua.<\/strong><br \/>\n<strong>Construit et \u00e9quip\u00e9 par l\u2019INDH de la Pr\u00e9fecture d\u2019Agadir Ida Outanane, le centre socio- culturel a b\u00e9n\u00e9fici\u00e9, en vertu d\u2019une nouvelle convention sign\u00e9e entre les diff\u00e9rents partenaires, d\u2019une contribution financi\u00e8re de l\u2019INDH pour son fonctionnement.<\/strong><br \/>\n<strong>Ainsi, la Fondation s\u2019engage \u00e0 contribuer \u00e0 la 3\u00e8me phase du programme de l\u2019INDH qui vise l\u2019\u00e9panouissement des jeunes du quartier de Hay El Farah \u00e0 travers la mise en place de programme d\u2019initiation et de formation aux arts et \u00e0 la pratique culturelle.<\/strong><br \/>\n<strong>\u201cL\u2019anniversaire du centre est une occasion pour c\u00e9l\u00e9brer les adh\u00e9rents et les b\u00e9n\u00e9ficiaires du centre qui vont exposer leur savoir-faire et leur talent devant un public externe\u201d, a indiqu\u00e9 Sofia Akhmiss la directrice ex\u00e9cutive de la Fondation Ali Zaoua.<\/strong><br \/>\n<strong>\u201cC\u2019est \u00e9galement une opportunit\u00e9 pour rappeler la mission de la fondation, qui est celle de promouvoir les arts et la culture dans les petits quartiers et en faire un outil d\u2019apprentissage et un levier de d\u00e9veloppement pour la population locale\u201d, a-t-elle fait remarquer.<\/strong><br \/>\n<strong>Malgr\u00e9 les contraintes impos\u00e9es par la situation pand\u00e9mique en 2020, le Centre n\u2019a pas cess\u00e9 ses activit\u00e9s et a mis en place un programme en distancie tout au long de la p\u00e9riode du confinement, s\u2019est-elle f\u00e9licit\u00e9e.<\/strong><br \/>\n<strong>Pour sa part, la repr\u00e9sentante de l\u2019INDH au niveau de la pr\u00e9fecture d\u2019Agadir, Saloua Benkirane, a relev\u00e9 que ce centre, mis en place dans le cadre de la 3\u00e8 phase de l\u2019initiative, souhaite accompagner les jeunes et les aider \u00e0 am\u00e9liorer leurs talents dans les domaines culturel et artistique.<\/strong><br \/>\n<strong>Ont \u00e9t\u00e9 pr\u00e9sents \u00e0 cette manifestation, \u00e9galement, le Wali de la R\u00e9gion Souss-Massa, Gouverneur de la Pr\u00e9fecture d\u2019Agadir-Ida Outanane Ahmed Hajji, des adh\u00e9rents de la fondation, ainsi que des acteurs culturels et associatifs.<\/strong><br \/>\n<strong>Cr\u00e9\u00e9e en 2009 par le r\u00e9alisateur marocain Nabil Ayouch, la fondation Ali Zaoua a pour mission de promouvoir l\u2019\u00e9ducation aux arts et \u00e0 la culture comme outil de d\u00e9veloppement social, de favoriser la dynamique culturelle et artistique de proximit\u00e9 dans les quartiers d\u00e9favoris\u00e9s des villes du Maroc, de contribuer \u00e0 la qualification professionnelle des jeunes issus de milieux d\u00e9favoris\u00e9s aux m\u00e9tiers des arts et de la culture, d\u2019instaurer des espaces de m\u00e9diation culturelle pour cr\u00e9er des ponts et accompagner les nouveaux talents issus des quartiers d\u00e9favoris\u00e9s.<\/strong><br \/>\n<strong>Pour atteindre ces objectifs, la fondation a cr\u00e9\u00e9 en 2014 son premier centre culturel de proximit\u00e9, les \u00e9toiles de Sidi Moumen, environ 10 ans apr\u00e8s les terribles attentats du 16 mai 2003 afin d\u2019offrir aux jeunes du quartier l\u2019opportunit\u00e9 d\u2019apprendre, de d\u00e9couvrir et surtout de s\u2019exprimer gr\u00e2ce \u00e0 la cr\u00e9ation artistique et aux expressions culturelles.<\/strong><\/p>\n","protected":false},"excerpt":{"rendered":"<p>Agadir \u2013 le12 Des spectacles ont \u00e9t\u00e9 organis\u00e9s, vendredi au centre culturel \u201cles \u00e9toiles du Souss\u201d \u00e0 Agadir, et ce en c\u00e9l\u00e9bration de l\u2019anniversaire de sa cr\u00e9ation \u00e0 l\u2019initiative de la Fondation Ali Zaoua. Construit et \u00e9quip\u00e9 par l\u2019INDH de la Pr\u00e9fecture d\u2019Agadir Ida Outanane, le centre socio- culturel a b\u00e9n\u00e9fici\u00e9, en vertu d\u2019une nouvelle [&hellip;]<\/p>\n","protected":false},"author":4,"featured_media":15857,"comment_status":"open","ping_status":"open","sticky":false,"template":"","format":"standard","meta":[],"categories":[26,31],"tags":[],"yst_prominent_words":[2857,252,1117,583,263,261,841,1957,365,1388,449],"jetpack_featured_media_url":"https:\/\/le12.ma\/fr\/wp-content\/uploads\/2021\/04\/creche.jpg","_links":{"self":[{"href":"https:\/\/le12.ma\/fr\/wp-json\/wp\/v2\/posts\/15856"}],"collection":[{"href":"https:\/\/le12.ma\/fr\/wp-json\/wp\/v2\/posts"}],"about":[{"href":"https:\/\/le12.ma\/fr\/wp-json\/wp\/v2\/types\/post"}],"author":[{"embeddable":true,"href":"https:\/\/le12.ma\/fr\/wp-json\/wp\/v2\/users\/4"}],"replies":[{"embeddable":true,"href":"https:\/\/le12.ma\/fr\/wp-json\/wp\/v2\/comments?post=15856"}],"version-history":[{"count":1,"href":"https:\/\/le12.ma\/fr\/wp-json\/wp\/v2\/posts\/15856\/revisions"}],"predecessor-version":[{"id":15858,"href":"https:\/\/le12.ma\/fr\/wp-json\/wp\/v2\/posts\/15856\/revisions\/15858"}],"wp:featuredmedia":[{"embeddable":true,"href":"https:\/\/le12.ma\/fr\/wp-json\/wp\/v2\/media\/15857"}],"wp:attachment":[{"href":"https:\/\/le12.ma\/fr\/wp-json\/wp\/v2\/media?parent=15856"}],"wp:term":[{"taxonomy":"category","embeddable":true,"href":"https:\/\/le12.ma\/fr\/wp-json\/wp\/v2\/categories?post=15856"},{"taxonomy":"post_tag","embeddable":true,"href":"https:\/\/le12.ma\/fr\/wp-json\/wp\/v2\/tags?post=15856"},{"taxonomy":"yst_prominent_words","embeddable":true,"href":"https:\/\/le12.ma\/fr\/wp-json\/wp\/v2\/yst_prominent_words?post=15856"}],"curies":[{"name":"wp","href":"https:\/\/api.w.org\/{rel}","templated":true}]}}