{"id":15666,"date":"2021-03-30T12:28:25","date_gmt":"2021-03-30T11:28:25","guid":{"rendered":"https:\/\/le12.ma\/fr\/?p=15666"},"modified":"2021-03-30T12:28:25","modified_gmt":"2021-03-30T11:28:25","slug":"aeroport-essaouira-mogador-chute-de-pres-de-92-du-trafic-aerien-a-fin-fevrier-onda","status":"publish","type":"post","link":"https:\/\/le12.ma\/fr\/aeroport-essaouira-mogador-chute-de-pres-de-92-du-trafic-aerien-a-fin-fevrier-onda\/","title":{"rendered":"A\u00e9roport Essaouira-Mogador : Chute de pr\u00e8s de 92% du trafic a\u00e9rien \u00e0 fin f\u00e9vrier (ONDA)"},"content":{"rendered":"<p><span style=\"color: #ff0000;\"><strong>Essaouira \u2013 le12<\/strong><\/span><br \/>\n<strong>Le trafic des passagers au niveau de l\u2019a\u00e9roport international Essaouira-Mogador a enregistr\u00e9 \u00e0 fin f\u00e9vrier dernier, une chute de 91,73% par rapport \u00e0 la m\u00eame p\u00e9riode de l\u2019ann\u00e9e 2020.<\/strong><br \/>\n<strong>D\u2019apr\u00e8s les nouvelles statistiques rendues publiques par l\u2019Office National des A\u00e9roports (ONDA), cette structure a\u00e9roportuaire a accueilli au titre des deux premiers mois de l\u2019ann\u00e9e en cours un total de 2.612 passagers contre 31.566 voyageurs durant la m\u00eame p\u00e9riode de l\u2019ann\u00e9e \u00e9coul\u00e9e.<\/strong><br \/>\n<strong>Cette contre-performance s\u2019explique par les r\u00e9percussions de la crise sanitaire induite par la propagation de la pand\u00e9mie du nouveau coronavirus (Covid-19) et l\u2019arr\u00eat du trafic a\u00e9rien pendant plusieurs mois.<\/strong><br \/>\n<strong>Pour le seul mois de f\u00e9vrier dernier, le trafic a\u00e9rien au niveau de l\u2019a\u00e9roport de la Cit\u00e9 des Aliz\u00e9s a aussi connu une r\u00e9gression drastique de 97,05% par rapport au m\u00eame mois de l\u2019ann\u00e9e derni\u00e8re.<\/strong><br \/>\n<strong>Ainsi, un total de 526 passagers ont \u00e9t\u00e9 accueillis par cette plateforme a\u00e9roportuaire, contre 17.838 voyageurs durant le mois de f\u00e9vrier 2020.<\/strong><br \/>\n<strong>A noter que les a\u00e9roports du Royaume ont accueilli 1.063.224 passagers au titre des deux premiers mois de l\u2019ann\u00e9e en cours, en chute de 73,24% par rapport \u00e0 la p\u00e9riode janvier-f\u00e9vrier 2020, selon l\u2019ONDA.<\/strong><br \/>\n<strong>Pour le seul mois de f\u00e9vrier, le trafic a\u00e9rien a diminu\u00e9 de 78,47% \u00e0 420.384 passagers, pr\u00e9cise la m\u00eame source.<\/strong><\/p>\n","protected":false},"excerpt":{"rendered":"<p>Essaouira \u2013 le12 Le trafic des passagers au niveau de l\u2019a\u00e9roport international Essaouira-Mogador a enregistr\u00e9 \u00e0 fin f\u00e9vrier dernier, une chute de 91,73% par rapport \u00e0 la m\u00eame p\u00e9riode de l\u2019ann\u00e9e 2020. D\u2019apr\u00e8s les nouvelles statistiques rendues publiques par l\u2019Office National des A\u00e9roports (ONDA), cette structure a\u00e9roportuaire a accueilli au titre des deux premiers mois [&hellip;]<\/p>\n","protected":false},"author":4,"featured_media":15667,"comment_status":"open","ping_status":"open","sticky":false,"template":"","format":"standard","meta":[],"categories":[26,25],"tags":[],"yst_prominent_words":[822,4798,827,826,3453,1266,1796,246,2421,4577],"jetpack_featured_media_url":"https:\/\/le12.ma\/fr\/wp-content\/uploads\/2021\/03\/AES.jpg","_links":{"self":[{"href":"https:\/\/le12.ma\/fr\/wp-json\/wp\/v2\/posts\/15666"}],"collection":[{"href":"https:\/\/le12.ma\/fr\/wp-json\/wp\/v2\/posts"}],"about":[{"href":"https:\/\/le12.ma\/fr\/wp-json\/wp\/v2\/types\/post"}],"author":[{"embeddable":true,"href":"https:\/\/le12.ma\/fr\/wp-json\/wp\/v2\/users\/4"}],"replies":[{"embeddable":true,"href":"https:\/\/le12.ma\/fr\/wp-json\/wp\/v2\/comments?post=15666"}],"version-history":[{"count":1,"href":"https:\/\/le12.ma\/fr\/wp-json\/wp\/v2\/posts\/15666\/revisions"}],"predecessor-version":[{"id":15668,"href":"https:\/\/le12.ma\/fr\/wp-json\/wp\/v2\/posts\/15666\/revisions\/15668"}],"wp:featuredmedia":[{"embeddable":true,"href":"https:\/\/le12.ma\/fr\/wp-json\/wp\/v2\/media\/15667"}],"wp:attachment":[{"href":"https:\/\/le12.ma\/fr\/wp-json\/wp\/v2\/media?parent=15666"}],"wp:term":[{"taxonomy":"category","embeddable":true,"href":"https:\/\/le12.ma\/fr\/wp-json\/wp\/v2\/categories?post=15666"},{"taxonomy":"post_tag","embeddable":true,"href":"https:\/\/le12.ma\/fr\/wp-json\/wp\/v2\/tags?post=15666"},{"taxonomy":"yst_prominent_words","embeddable":true,"href":"https:\/\/le12.ma\/fr\/wp-json\/wp\/v2\/yst_prominent_words?post=15666"}],"curies":[{"name":"wp","href":"https:\/\/api.w.org\/{rel}","templated":true}]}}