{"id":15555,"date":"2021-03-28T11:12:25","date_gmt":"2021-03-28T10:12:25","guid":{"rendered":"https:\/\/le12.ma\/fr\/?p=15555"},"modified":"2021-03-28T11:12:25","modified_gmt":"2021-03-28T10:12:25","slug":"agadir-ouverture-dune-enquete-judiciaire-pour-elucider-les-circonstances-entourant-la-grave-agression-physique-a-larme-blanche-dun-brigadier-de-police-sur-la-voie-publique","status":"publish","type":"post","link":"https:\/\/le12.ma\/fr\/agadir-ouverture-dune-enquete-judiciaire-pour-elucider-les-circonstances-entourant-la-grave-agression-physique-a-larme-blanche-dun-brigadier-de-police-sur-la-voie-publique\/","title":{"rendered":"Agadir: ouverture d\u2019une enqu\u00eate judiciaire pour \u00e9lucider les circonstances entourant la grave agression physique \u00e0 l\u2019arme blanche d\u2019un brigadier de police sur la voie publique"},"content":{"rendered":"<p><span style=\"color: #ff0000;\"><strong>Rabat \u2013le12<\/strong><\/span><\/p>\n<p><strong> Le service pr\u00e9fectoral de la police judiciaire d\u2019Agadir a ouvert, samedi dans la soir\u00e9e, une enqu\u00eate judiciaire sous la supervision du Parquet comp\u00e9tent pour \u00e9lucider les circonstances entourant la grave agression physique \u00e0 l\u2019arme blanche, dont a \u00e9t\u00e9 victime un brigadier de police dans l\u2019exercice de ses fonctions sur la voie publique.<\/strong><\/p>\n<p><strong>Selon les informations pr\u00e9liminaires de l\u2019enqu\u00eate, le policier victime de cette agression exer\u00e7ait ses fonctions d\u2019organisation de la circulation sur une art\u00e8re routi\u00e8re dans la ville d\u2019Agadir \u00e0 21h15, lorsque le suspect l\u2019a surpris par derri\u00e8re, sans raison apparente, et l\u2019a expos\u00e9 \u00e0 de s\u00e9v\u00e8res coups avec un outil en fer contondant au niveau du dos et de la cuisse, indique un communiqu\u00e9 de la Direction g\u00e9n\u00e9rale de la s\u00fbret\u00e9 nationale (DGSN).<\/strong><\/p>\n<p><strong>Le policier bless\u00e9 a \u00e9t\u00e9 transf\u00e9r\u00e9 \u00e0 l\u2019h\u00f4pital provincial pour y recevoir les soins n\u00e9cessaires, alors que le directeur g\u00e9n\u00e9ral de la s\u00fbret\u00e9 nationale a charg\u00e9 les services de la Pr\u00e9fecture de police d\u2019Agadir et de la Fondation Mohammed VI des \u0153uvres sociales des fonctionnaires de la s\u00fbret\u00e9 nationale de lui fournir toute l\u2019assistance n\u00e9cessaire et de prendre en charge son hospitalisation et ses frais m\u00e9dicaux, rel\u00e8ve le communiqu\u00e9.<\/strong><\/p>\n<p><strong>L\u2019enqu\u00eate judiciaire supervis\u00e9e par le parquet g\u00e9n\u00e9ral se penchera sur l\u2019identification de l\u2019identit\u00e9 du suspect et de son partenaire pr\u00e9sum\u00e9 et d\u00e9voiler les circonstances de la commission de ces actes criminels et leurs v\u00e9ritables motivations, a conclu la DGSN.<\/strong><\/p>\n","protected":false},"excerpt":{"rendered":"<p>Rabat \u2013le12 Le service pr\u00e9fectoral de la police judiciaire d\u2019Agadir a ouvert, samedi dans la soir\u00e9e, une enqu\u00eate judiciaire sous la supervision du Parquet comp\u00e9tent pour \u00e9lucider les circonstances entourant la grave agression physique \u00e0 l\u2019arme blanche, dont a \u00e9t\u00e9 victime un brigadier de police dans l\u2019exercice de ses fonctions sur la voie publique. Selon [&hellip;]<\/p>\n","protected":false},"author":4,"featured_media":15556,"comment_status":"open","ping_status":"open","sticky":false,"template":"","format":"standard","meta":[],"categories":[26,24],"tags":[],"yst_prominent_words":[145,2766,1375,3834,2928,6117,1676,310,1394,649,3398,1376,1660,3600,1673],"jetpack_featured_media_url":"https:\/\/le12.ma\/fr\/wp-content\/uploads\/2021\/03\/p75nf.jpg","_links":{"self":[{"href":"https:\/\/le12.ma\/fr\/wp-json\/wp\/v2\/posts\/15555"}],"collection":[{"href":"https:\/\/le12.ma\/fr\/wp-json\/wp\/v2\/posts"}],"about":[{"href":"https:\/\/le12.ma\/fr\/wp-json\/wp\/v2\/types\/post"}],"author":[{"embeddable":true,"href":"https:\/\/le12.ma\/fr\/wp-json\/wp\/v2\/users\/4"}],"replies":[{"embeddable":true,"href":"https:\/\/le12.ma\/fr\/wp-json\/wp\/v2\/comments?post=15555"}],"version-history":[{"count":1,"href":"https:\/\/le12.ma\/fr\/wp-json\/wp\/v2\/posts\/15555\/revisions"}],"predecessor-version":[{"id":15557,"href":"https:\/\/le12.ma\/fr\/wp-json\/wp\/v2\/posts\/15555\/revisions\/15557"}],"wp:featuredmedia":[{"embeddable":true,"href":"https:\/\/le12.ma\/fr\/wp-json\/wp\/v2\/media\/15556"}],"wp:attachment":[{"href":"https:\/\/le12.ma\/fr\/wp-json\/wp\/v2\/media?parent=15555"}],"wp:term":[{"taxonomy":"category","embeddable":true,"href":"https:\/\/le12.ma\/fr\/wp-json\/wp\/v2\/categories?post=15555"},{"taxonomy":"post_tag","embeddable":true,"href":"https:\/\/le12.ma\/fr\/wp-json\/wp\/v2\/tags?post=15555"},{"taxonomy":"yst_prominent_words","embeddable":true,"href":"https:\/\/le12.ma\/fr\/wp-json\/wp\/v2\/yst_prominent_words?post=15555"}],"curies":[{"name":"wp","href":"https:\/\/api.w.org\/{rel}","templated":true}]}}