{"id":15485,"date":"2021-03-26T12:57:25","date_gmt":"2021-03-26T11:57:25","guid":{"rendered":"https:\/\/le12.ma\/fr\/?p=15485"},"modified":"2021-03-26T12:58:14","modified_gmt":"2021-03-26T11:58:14","slug":"art_is_ana-quand-consommer-terroir-devient-un-mode-de-vie","status":"publish","type":"post","link":"https:\/\/le12.ma\/fr\/art_is_ana-quand-consommer-terroir-devient-un-mode-de-vie\/","title":{"rendered":"#Art_Is_Ana: Quand consommer terroir devient un mode de vie"},"content":{"rendered":"<p><span style=\"color: #ff0000;\"><strong>Casablanca \u2013le12<\/strong><\/span><\/p>\n<p><strong>Des tapis provenant de Bouja\u00e2d, des boucles en argent command\u00e9es \u00e0 Tizint, des plateaux en bois et des ustensiles de cuisine rappelant les vieilles traditions marocaines de la ville de F\u00e8s, des objets parmi tant d\u2019autres dont s\u2019entoure Noufissa, qui d\u00e9fend le produit d\u2019artisanat local en faisant du \u201cconsommer marocain\u201d, un mode de vie.<\/strong><br \/>\n<strong>Pour cette femme au foyer originaire de Taza, il est imp\u00e9ratif que tout un chacun contribue \u00e0 la consommation de l\u2019artisanat marocain qui offre des produits vari\u00e9s r\u00e9pondant \u00e0 tous les go\u00fbts et tous les budgets.<\/strong><br \/>\n<strong>\u201cLes objets de l\u2019artisanat marocain mettent en valeur les espaces en procurant s\u00e9r\u00e9nit\u00e9 et bien-\u00eatre\u201d, assure cette quinquag\u00e9naire et m\u00e8re de quatre enfants.<\/strong><br \/>\n<strong>S\u2019agissant de la campagne innovante lanc\u00e9e par le minist\u00e8re du Tourisme, de l\u2019Artisanat, du Transport a\u00e9rien et l\u2019Economie sociale et la Maison de l\u2019Artisan sous le hashtag #Art-Is-Ana# pour encourager les marocains \u00e0 consommer terroir, Mme Noufissa consid\u00e8re qu\u2019il s\u2019agit d\u2019une action citoyenne visant \u00e0 soutenir les artisans particuli\u00e8rement en ces moments de crise.<\/strong><br \/>\n<strong>De son c\u00f4t\u00e9, Omar Chraymi, employ\u00e9 dans un magasin \u00e0 Bab-Marrakech \u00e0 Casablanca d\u00e9di\u00e9 \u00e0 la commercialisation de produits d\u2019artisanat et de terroir estime que cette campagne vient \u00e0 point nomm\u00e9, dans un contexte de relance de ce secteur vital et de soutien aux op\u00e9rateurs \u00e9conomiques touch\u00e9s par les effets de la crise li\u00e9e au Covid-19, notant dans ce sens que le secteur de l\u2019artisanat a \u00e9t\u00e9 frapp\u00e9 de plein fouet par la crise sanitaire.<\/strong><br \/>\n<strong>Pour M. Chraymi, le \u201cconsommer marocain\u201d doit int\u00e9grer les habitudes de consommation de tous les jours, car c\u2019est le seul moyen de contribuer \u00e0 la relance du secteur, lui donner un nouveau souffle et offrir aux acteurs de l\u2019artisanat l\u2019opportunit\u00e9 de d\u00e9velopper davantage leur activit\u00e9.<\/strong><br \/>\n<strong>C\u2019est dans cette optique que le minist\u00e8re de tutelle a r\u00e9cemment lanc\u00e9 la campagne #Art-Is-Ana # qui vise \u00e0 soutenir la relance du secteur de l\u2019artisanat tout en mettant en valeur et en pr\u00e9servant le savoir-faire ancestral des artisans marocains.<\/strong><br \/>\n<strong>Ciblant un large public de consommateurs, d\u2019entreprises publiques et priv\u00e9es ainsi que d\u2019institutionnels, cette campagne est diffus\u00e9e sur la t\u00e9l\u00e9vision, les canaux digitaux et la radio et s\u2019inscrit dans un programme global et int\u00e9gr\u00e9 port\u00e9 par le minist\u00e8re et la Maison de l\u2019Artisan, qui vise \u00e0 accompagner les acteurs de l\u2019artisanat \u00e0 court terme pour faire face \u00e0 l\u2019impact de la crise du Covid-19, mais \u00e9galement \u00e0 moyen et long terme pour une relance pragmatique et volontariste du secteur.<\/strong><br \/>\n<strong>Cette crise a r\u00e9v\u00e9l\u00e9 la vuln\u00e9rabilit\u00e9 des op\u00e9rateurs de ce secteur important de l\u2019\u00e9conomie nationale qui g\u00e9n\u00e8re 7 pc du PIB, repr\u00e9sente une source de revenus principale pour plus de 2 millions de m\u00e9nages et participe \u00e0 l\u2019export, avec un chiffre d\u2019affaires de 800 MDH en 2019.<\/strong><br \/>\n<strong>L\u2019action du minist\u00e8re pour le d\u00e9veloppement du secteur porte sur l\u2019ensemble des maillons de la cha\u00eene de valeur, allant de l\u2019am\u00e9lioration de la connaissance des march\u00e9s, de la comp\u00e9titivit\u00e9 de la production et de l\u2019offre, le d\u00e9veloppement du capital humain, la distribution et commercialisation aux niveaux national et international via notamment des plateformes \u00e9lectroniques.<\/strong><br \/>\n<strong>Pour toucher une cible plus large, cette campagne nationale se pr\u00e9sente sous forme d\u2019un clip musical r\u00e9alis\u00e9 par le chanteur Douzi, dans un univers pop-art purement marocain qui met en valeur dans un univers \u00e0 la fois authentique et moderne l\u2019artisanat marocain, en faisant notamment appel \u00e0 des influenceurs de renom afin d\u2019atteindre un large panel de Marocains notamment les jeunes et les encourager \u00e0 consommer l\u2019artisanat local.<\/strong><\/p>\n","protected":false},"excerpt":{"rendered":"<p>Casablanca \u2013le12 Des tapis provenant de Bouja\u00e2d, des boucles en argent command\u00e9es \u00e0 Tizint, des plateaux en bois et des ustensiles de cuisine rappelant les vieilles traditions marocaines de la ville de F\u00e8s, des objets parmi tant d\u2019autres dont s\u2019entoure Noufissa, qui d\u00e9fend le produit d\u2019artisanat local en faisant du \u201cconsommer marocain\u201d, un mode de [&hellip;]<\/p>\n","protected":false},"author":4,"featured_media":15487,"comment_status":"open","ping_status":"open","sticky":false,"template":"","format":"standard","meta":[],"categories":[26,31],"tags":[],"yst_prominent_words":[1756,80,169,5739,454,151,148,1494,81,2080],"jetpack_featured_media_url":"https:\/\/le12.ma\/fr\/wp-content\/uploads\/2021\/03\/1519991464_article.jpg","_links":{"self":[{"href":"https:\/\/le12.ma\/fr\/wp-json\/wp\/v2\/posts\/15485"}],"collection":[{"href":"https:\/\/le12.ma\/fr\/wp-json\/wp\/v2\/posts"}],"about":[{"href":"https:\/\/le12.ma\/fr\/wp-json\/wp\/v2\/types\/post"}],"author":[{"embeddable":true,"href":"https:\/\/le12.ma\/fr\/wp-json\/wp\/v2\/users\/4"}],"replies":[{"embeddable":true,"href":"https:\/\/le12.ma\/fr\/wp-json\/wp\/v2\/comments?post=15485"}],"version-history":[{"count":1,"href":"https:\/\/le12.ma\/fr\/wp-json\/wp\/v2\/posts\/15485\/revisions"}],"predecessor-version":[{"id":15486,"href":"https:\/\/le12.ma\/fr\/wp-json\/wp\/v2\/posts\/15485\/revisions\/15486"}],"wp:featuredmedia":[{"embeddable":true,"href":"https:\/\/le12.ma\/fr\/wp-json\/wp\/v2\/media\/15487"}],"wp:attachment":[{"href":"https:\/\/le12.ma\/fr\/wp-json\/wp\/v2\/media?parent=15485"}],"wp:term":[{"taxonomy":"category","embeddable":true,"href":"https:\/\/le12.ma\/fr\/wp-json\/wp\/v2\/categories?post=15485"},{"taxonomy":"post_tag","embeddable":true,"href":"https:\/\/le12.ma\/fr\/wp-json\/wp\/v2\/tags?post=15485"},{"taxonomy":"yst_prominent_words","embeddable":true,"href":"https:\/\/le12.ma\/fr\/wp-json\/wp\/v2\/yst_prominent_words?post=15485"}],"curies":[{"name":"wp","href":"https:\/\/api.w.org\/{rel}","templated":true}]}}