{"id":15334,"date":"2021-03-24T11:08:30","date_gmt":"2021-03-24T10:08:30","guid":{"rendered":"https:\/\/le12.ma\/fr\/?p=15334"},"modified":"2021-03-24T11:08:30","modified_gmt":"2021-03-24T10:08:30","slug":"marrakech-mise-en-relief-du-role-de-la-dynastie-alaouite-dans-ledification-du-maroc-de-la-modernite","status":"publish","type":"post","link":"https:\/\/le12.ma\/fr\/marrakech-mise-en-relief-du-role-de-la-dynastie-alaouite-dans-ledification-du-maroc-de-la-modernite\/","title":{"rendered":"Marrakech : Mise en relief du r\u00f4le de la Dynastie Alaouite dans l\u2019\u00e9dification du Maroc de la modernit\u00e9"},"content":{"rendered":"<p><span style=\"color: #ff0000;\"><strong>Marrakech \u2013 le12<\/strong><\/span><\/p>\n<p><strong>Les participants \u00e0 une rencontre organis\u00e9e, mardi, \u00e0 la facult\u00e9 des lettres et des sciences humaines de Marrakech, ont mis en relief le r\u00f4le pionnier de la Dynastie Alaouite dans l\u2019\u00e9dification du Maroc de la modernit\u00e9, \u00e0 travers la sauvegarde de l\u2019identit\u00e9 nationale et la r\u00e9alisation du d\u00e9veloppement dans les diff\u00e9rents domaines.<\/strong><br \/>\n<strong>Lors d\u2019une conf\u00e9rence de presse tenue dans le cadre des pr\u00e9paratifs de la conf\u00e9rence qui sera organis\u00e9e par la Fondation Moulay Ali Cherif Al-Mourrakouchi, les 3 et 4 avril prochains, autour de la th\u00e9matique \u201cLes d\u00e9buts de la Dynastie Alaouite au Maroc: histoire, patrimoine et d\u00e9veloppement\u201d, les organisateurs ont indiqu\u00e9 que la p\u00e9riode de l\u2019av\u00e8nement de la Dynastie Alaouite a \u00e9t\u00e9 marqu\u00e9e par un d\u00e9collage et un d\u00e9veloppement \u00e9conomique et social du Maroc gr\u00e2ce \u00e0 la vision perspicace des Sultans Alaouites en mati\u00e8re de gouvernance, aussi bien dans le domaine religieux et \u00e9conomique que social.<\/strong><br \/>\n<strong>Ils ont ainsi mis en avant le grand apport de la Dynastie Alaouite dans la r\u00e9alisation de la coh\u00e9sion sociale et le renforcement des relations diplomatiques et ext\u00e9rieures avec les Etats, ajoutant que ces composantes additionn\u00e9es ont eu un grand impact, \u00e0 m\u00eame de favoriser l\u2019\u00e9dification du Maroc de l\u2019\u00e8re moderne et d\u2019aller de l\u2019avant sur la voie de l\u2019illumination intellectuelle et soci\u00e9tale.<\/strong><br \/>\n<strong>Dans ce sens, le pr\u00e9sident de la Fondation Moulay Ali Cherif Al-Mourrakouchi, Moulay Salama El Alaoui, a pr\u00e9cis\u00e9 que cette conf\u00e9rence, pr\u00e9vue en avril prochain, vise \u00e0 mettre en exergue les \u00e9l\u00e9ments fondateurs de l\u2019identit\u00e9 marocaine authentique depuis l\u2019\u00e9tablissement de la Dynastie Alaouite jusqu\u2019\u00e0 aujourd\u2019hui.<\/strong><br \/>\n<strong>Dans une d\u00e9claration \u00e0 la MAP, il a soulign\u00e9 qu\u2019il s\u2019agit essentiellement d\u2019une lecture analytique et scientifique d\u2019importantes phases de l\u2019histoire du Maroc, en vue de prendre la juste mesure de l\u2019importance de ces \u00e9tapes dans le processus de d\u00e9veloppement global depuis l\u2019\u00e8re de Moulay Ali Cherif.<\/strong><br \/>\n<strong>De son c\u00f4t\u00e9, le directeur r\u00e9gional de la Culture de Marrakech-Safi, Azouz Boujamid, a not\u00e9, dans une d\u00e9claration similaire, que cette prochaine conf\u00e9rence s\u2019inscrit dans le cadre d\u2019une s\u00e9rie de rencontres culturelles initi\u00e9es par le minist\u00e8re de la Culture avec le concours de plusieurs partenaires, notamment les acteurs de la soci\u00e9t\u00e9 civile, afin d\u2019identifier tous les aspects et composantes culturelles et civilisationnelles de la Dynastie Alaouite.<\/strong><br \/>\n<strong>En vue de tisser un lien entre le pass\u00e9 et le pr\u00e9sent, a-t-il dit, ce conclave jettera la lumi\u00e8re sur les \u00e9pid\u00e9mies, avec un focus sur la sagesse et la clairvoyance des Rois Alaouites pour y faire face, aussi bien en ce qui concerne la lutte contre la Covid-19 ou d\u2019anciennes pand\u00e9mies.<\/strong><br \/>\n<strong>Pour sa part, le doyen de la facult\u00e9 des lettres et des sciences humaines de Marrakech, Abderrahim Benali, a expliqu\u00e9 que cette conf\u00e9rence conna\u00eetra la participation d\u2019un parterre de professeurs universitaires et de chercheurs acad\u00e9miciens qui vont approcher les signes premiers de l\u2019av\u00e8nement de la Dynastie Alaouite et ses prolongements civilisationnels.<\/strong><br \/>\n<strong>Il a relev\u00e9 que les participants vont aussi s\u2019arr\u00eater sur la contribution des Sultans Alaouites au fa\u00e7onnement des contours de l\u2019identit\u00e9 marocaine gr\u00e2ce \u00e0 l\u2019addition de leurs qualit\u00e9s religieuses et spirituelles et de leur s\u00e9r\u00e9nit\u00e9 politique, sociale et \u00e9conomique.<\/strong><br \/>\n<strong>Initi\u00e9e en partenariat avec l\u2019Universit\u00e9 Cadi Ayyad, la Direction R\u00e9gionale de la Culture de Marrakech-Safi et la Facult\u00e9 des lettres et des sciences humaines, cette rencontre, qui se tiendra sous le th\u00e8me \u201cla charge du pouvoir et la sagesse de la gouvernance\u201d, sera scind\u00e9e en trois sessions scientifiques.<\/strong><br \/>\n<strong>La premi\u00e8re portera sur \u201cLe Maroc et le tournant du 11\u00e8me si\u00e8cle de l\u2019H\u00e9gire\/XVII\u00e8 si\u00e8cle, les conjonctures et les variables\u201d, alors que les deuxi\u00e8me et troisi\u00e8me sessions seront ax\u00e9es respectivement sur \u201cL\u2019\u00e9dification de l\u2019Etat et la comp\u00e9tence de la gouvernance\u201d et \u201cLe patrimoine culturel dans la ville de Marrakech\u201d.<\/strong><br \/>\n<strong>Parall\u00e8lement aux travaux de cette conf\u00e9rence, il sera proc\u00e9d\u00e9 \u00e0 l\u2019organisation d\u2019une exposition des monnaies marocaines au d\u00e9but de l\u2019\u00e8re de la Dynastie Alaouite et d\u2019une table ronde sur la strat\u00e9gie m\u00e9dicale de pr\u00e9vention et le renforcement des capacit\u00e9s du syst\u00e8me de sant\u00e9 au Maroc face \u00e0 la pand\u00e9mie de la Covid-19, en puisant dans l\u2019histoire du Royaume en mati\u00e8re de lutte contre les \u00e9pid\u00e9mies et pand\u00e9mies, avec la participation de repr\u00e9sentants de la Facult\u00e9 de m\u00e9decine et de pharmacie de Marrakech.<\/strong><\/p>\n","protected":false},"excerpt":{"rendered":"<p>Marrakech \u2013 le12 Les participants \u00e0 une rencontre organis\u00e9e, mardi, \u00e0 la facult\u00e9 des lettres et des sciences humaines de Marrakech, ont mis en relief le r\u00f4le pionnier de la Dynastie Alaouite dans l\u2019\u00e9dification du Maroc de la modernit\u00e9, \u00e0 travers la sauvegarde de l\u2019identit\u00e9 nationale et la r\u00e9alisation du d\u00e9veloppement dans les diff\u00e9rents domaines. [&hellip;]<\/p>\n","protected":false},"author":4,"featured_media":15335,"comment_status":"open","ping_status":"open","sticky":false,"template":"","format":"standard","meta":[],"categories":[26,31],"tags":[],"yst_prominent_words":[],"jetpack_featured_media_url":"https:\/\/le12.ma\/fr\/wp-content\/uploads\/2021\/03\/Marrakech-rencontre.jpg","_links":{"self":[{"href":"https:\/\/le12.ma\/fr\/wp-json\/wp\/v2\/posts\/15334"}],"collection":[{"href":"https:\/\/le12.ma\/fr\/wp-json\/wp\/v2\/posts"}],"about":[{"href":"https:\/\/le12.ma\/fr\/wp-json\/wp\/v2\/types\/post"}],"author":[{"embeddable":true,"href":"https:\/\/le12.ma\/fr\/wp-json\/wp\/v2\/users\/4"}],"replies":[{"embeddable":true,"href":"https:\/\/le12.ma\/fr\/wp-json\/wp\/v2\/comments?post=15334"}],"version-history":[{"count":1,"href":"https:\/\/le12.ma\/fr\/wp-json\/wp\/v2\/posts\/15334\/revisions"}],"predecessor-version":[{"id":15336,"href":"https:\/\/le12.ma\/fr\/wp-json\/wp\/v2\/posts\/15334\/revisions\/15336"}],"wp:featuredmedia":[{"embeddable":true,"href":"https:\/\/le12.ma\/fr\/wp-json\/wp\/v2\/media\/15335"}],"wp:attachment":[{"href":"https:\/\/le12.ma\/fr\/wp-json\/wp\/v2\/media?parent=15334"}],"wp:term":[{"taxonomy":"category","embeddable":true,"href":"https:\/\/le12.ma\/fr\/wp-json\/wp\/v2\/categories?post=15334"},{"taxonomy":"post_tag","embeddable":true,"href":"https:\/\/le12.ma\/fr\/wp-json\/wp\/v2\/tags?post=15334"},{"taxonomy":"yst_prominent_words","embeddable":true,"href":"https:\/\/le12.ma\/fr\/wp-json\/wp\/v2\/yst_prominent_words?post=15334"}],"curies":[{"name":"wp","href":"https:\/\/api.w.org\/{rel}","templated":true}]}}