{"id":1527,"date":"2020-08-15T10:21:14","date_gmt":"2020-08-15T09:21:14","guid":{"rendered":"https:\/\/le12.ma\/fr\/?p=1527"},"modified":"2020-08-15T10:21:14","modified_gmt":"2020-08-15T09:21:14","slug":"agadir-inauguration-du-complexe-culturel-haj-lahbib-dans-la-zone-historique-danza","status":"publish","type":"post","link":"https:\/\/le12.ma\/fr\/agadir-inauguration-du-complexe-culturel-haj-lahbib-dans-la-zone-historique-danza\/","title":{"rendered":"Agadir : Inauguration du complexe culturel Haj Lahbib dans la zone historique d\u2019Anza"},"content":{"rendered":"<p><span style=\"color: #ff0000;\"><strong>Agadir \u2013le12<\/strong><\/span><\/p>\n<p><strong>Le complexe culturel Haj Lahbib a \u00e9t\u00e9 inaugur\u00e9 vendredi, au niveau d\u2019Anza (pr\u00e9fecture d\u2019Agadir) avec comme objectif de promouvoir et rapprocher la chose culturelle des populations de cette zone historique.<\/strong><\/p>\n","protected":false},"excerpt":{"rendered":"<p>Agadir \u2013le12 Le complexe culturel Haj Lahbib a \u00e9t\u00e9 inaugur\u00e9 vendredi, au niveau d\u2019Anza (pr\u00e9fecture d\u2019Agadir) avec comme objectif de promouvoir et rapprocher la chose culturelle des populations de cette zone historique.<\/p>\n","protected":false},"author":4,"featured_media":1528,"comment_status":"open","ping_status":"open","sticky":false,"template":"","format":"standard","meta":[],"categories":[31,24],"tags":[],"yst_prominent_words":[],"jetpack_featured_media_url":"https:\/\/le12.ma\/fr\/wp-content\/uploads\/2020\/08\/FB_IMG_1597483146431.jpg","_links":{"self":[{"href":"https:\/\/le12.ma\/fr\/wp-json\/wp\/v2\/posts\/1527"}],"collection":[{"href":"https:\/\/le12.ma\/fr\/wp-json\/wp\/v2\/posts"}],"about":[{"href":"https:\/\/le12.ma\/fr\/wp-json\/wp\/v2\/types\/post"}],"author":[{"embeddable":true,"href":"https:\/\/le12.ma\/fr\/wp-json\/wp\/v2\/users\/4"}],"replies":[{"embeddable":true,"href":"https:\/\/le12.ma\/fr\/wp-json\/wp\/v2\/comments?post=1527"}],"version-history":[{"count":1,"href":"https:\/\/le12.ma\/fr\/wp-json\/wp\/v2\/posts\/1527\/revisions"}],"predecessor-version":[{"id":1529,"href":"https:\/\/le12.ma\/fr\/wp-json\/wp\/v2\/posts\/1527\/revisions\/1529"}],"wp:featuredmedia":[{"embeddable":true,"href":"https:\/\/le12.ma\/fr\/wp-json\/wp\/v2\/media\/1528"}],"wp:attachment":[{"href":"https:\/\/le12.ma\/fr\/wp-json\/wp\/v2\/media?parent=1527"}],"wp:term":[{"taxonomy":"category","embeddable":true,"href":"https:\/\/le12.ma\/fr\/wp-json\/wp\/v2\/categories?post=1527"},{"taxonomy":"post_tag","embeddable":true,"href":"https:\/\/le12.ma\/fr\/wp-json\/wp\/v2\/tags?post=1527"},{"taxonomy":"yst_prominent_words","embeddable":true,"href":"https:\/\/le12.ma\/fr\/wp-json\/wp\/v2\/yst_prominent_words?post=1527"}],"curies":[{"name":"wp","href":"https:\/\/api.w.org\/{rel}","templated":true}]}}