{"id":15131,"date":"2021-03-21T13:51:52","date_gmt":"2021-03-21T12:51:52","guid":{"rendered":"https:\/\/le12.ma\/fr\/?p=15131"},"modified":"2021-03-21T13:51:52","modified_gmt":"2021-03-21T12:51:52","slug":"tanger-enactus-morocco-organise-le-premier-sommet-regional-du-programme-rif-inno","status":"publish","type":"post","link":"https:\/\/le12.ma\/fr\/tanger-enactus-morocco-organise-le-premier-sommet-regional-du-programme-rif-inno\/","title":{"rendered":"Tanger: Enactus Morocco organise le premier Sommet r\u00e9gional du programme Rif-inno"},"content":{"rendered":"<p><span style=\"color: #ff0000;\"><strong>Tanger \u2013le12<\/strong><\/span><\/p>\n<p><strong>Plus de 95 personnes \u00e9taient au rendez-vous, samedi \u00e0 Tanger, pour le premier Sommet r\u00e9gional du programme Rif-inno, organis\u00e9 \u00e0 l\u2019initiative de Enactus Morocco en partenariat avec l\u2019Ambassade des Pays-Bas.<\/strong><\/p>\n","protected":false},"excerpt":{"rendered":"<p>Tanger \u2013le12 Plus de 95 personnes \u00e9taient au rendez-vous, samedi \u00e0 Tanger, pour le premier Sommet r\u00e9gional du programme Rif-inno, organis\u00e9 \u00e0 l\u2019initiative de Enactus Morocco en partenariat avec l\u2019Ambassade des Pays-Bas.<\/p>\n","protected":false},"author":4,"featured_media":15132,"comment_status":"open","ping_status":"open","sticky":false,"template":"","format":"standard","meta":[],"categories":[26,28],"tags":[],"yst_prominent_words":[409],"jetpack_featured_media_url":"https:\/\/le12.ma\/fr\/wp-content\/uploads\/2021\/03\/Sans-titre427.jpg","_links":{"self":[{"href":"https:\/\/le12.ma\/fr\/wp-json\/wp\/v2\/posts\/15131"}],"collection":[{"href":"https:\/\/le12.ma\/fr\/wp-json\/wp\/v2\/posts"}],"about":[{"href":"https:\/\/le12.ma\/fr\/wp-json\/wp\/v2\/types\/post"}],"author":[{"embeddable":true,"href":"https:\/\/le12.ma\/fr\/wp-json\/wp\/v2\/users\/4"}],"replies":[{"embeddable":true,"href":"https:\/\/le12.ma\/fr\/wp-json\/wp\/v2\/comments?post=15131"}],"version-history":[{"count":1,"href":"https:\/\/le12.ma\/fr\/wp-json\/wp\/v2\/posts\/15131\/revisions"}],"predecessor-version":[{"id":15133,"href":"https:\/\/le12.ma\/fr\/wp-json\/wp\/v2\/posts\/15131\/revisions\/15133"}],"wp:featuredmedia":[{"embeddable":true,"href":"https:\/\/le12.ma\/fr\/wp-json\/wp\/v2\/media\/15132"}],"wp:attachment":[{"href":"https:\/\/le12.ma\/fr\/wp-json\/wp\/v2\/media?parent=15131"}],"wp:term":[{"taxonomy":"category","embeddable":true,"href":"https:\/\/le12.ma\/fr\/wp-json\/wp\/v2\/categories?post=15131"},{"taxonomy":"post_tag","embeddable":true,"href":"https:\/\/le12.ma\/fr\/wp-json\/wp\/v2\/tags?post=15131"},{"taxonomy":"yst_prominent_words","embeddable":true,"href":"https:\/\/le12.ma\/fr\/wp-json\/wp\/v2\/yst_prominent_words?post=15131"}],"curies":[{"name":"wp","href":"https:\/\/api.w.org\/{rel}","templated":true}]}}