{"id":15107,"date":"2021-03-20T19:00:10","date_gmt":"2021-03-20T18:00:10","guid":{"rendered":"https:\/\/le12.ma\/fr\/?p=15107"},"modified":"2021-03-20T17:54:58","modified_gmt":"2021-03-20T16:54:58","slug":"instagram-prepare-une-version-dediee-aux-moins-de-13-ans","status":"publish","type":"post","link":"https:\/\/le12.ma\/fr\/instagram-prepare-une-version-dediee-aux-moins-de-13-ans\/","title":{"rendered":"Instagram pr\u00e9pare une version d\u00e9di\u00e9e aux moins de 13 ans"},"content":{"rendered":"<p><span style=\"color: #ff0000;\"><strong>San Francisco \u2013le12<\/strong><\/span><\/p>\n<p><strong> Instagram, l\u2019application de partage de photos et de vid\u00e9os est en cours d\u2019explorer une version destin\u00e9e aux utilisateurs \u00e2g\u00e9s de moins de 13 ans.<\/strong><br \/>\n<strong>Dans une interview accord\u00e9e au site Buzzfeed, Adam Mosseri, le patron d\u2019Instagram a confirm\u00e9 que ce projet est \u00e0 l\u2019\u00e9tude.<\/strong><br \/>\n<strong>\u201cLes enfants demandent de plus en plus \u00e0 leurs parents s\u2019ils peuvent rejoindre des applis les aidant \u00e0 rester en contact avec leurs amis\u201d, a \u00e9crit M. Mosseri dans un tweet en r\u00e9action \u00e0 l\u2019interview. \u201cUne version d\u2019Instagram o\u00f9 les parents gardent le contr\u00f4le, comme ce que nous avons fait avec Messenger Kids, est une id\u00e9e que nous explorons.\u201d<\/strong><\/p>\n","protected":false},"excerpt":{"rendered":"<p>San Francisco \u2013le12 Instagram, l\u2019application de partage de photos et de vid\u00e9os est en cours d\u2019explorer une version destin\u00e9e aux utilisateurs \u00e2g\u00e9s de moins de 13 ans. Dans une interview accord\u00e9e au site Buzzfeed, Adam Mosseri, le patron d\u2019Instagram a confirm\u00e9 que ce projet est \u00e0 l\u2019\u00e9tude. \u201cLes enfants demandent de plus en plus \u00e0 [&hellip;]<\/p>\n","protected":false},"author":4,"featured_media":13964,"comment_status":"open","ping_status":"open","sticky":false,"template":"","format":"standard","meta":[],"categories":[26,3884],"tags":[],"yst_prominent_words":[],"jetpack_featured_media_url":"https:\/\/le12.ma\/fr\/wp-content\/uploads\/2021\/03\/instagram-1.jpg","_links":{"self":[{"href":"https:\/\/le12.ma\/fr\/wp-json\/wp\/v2\/posts\/15107"}],"collection":[{"href":"https:\/\/le12.ma\/fr\/wp-json\/wp\/v2\/posts"}],"about":[{"href":"https:\/\/le12.ma\/fr\/wp-json\/wp\/v2\/types\/post"}],"author":[{"embeddable":true,"href":"https:\/\/le12.ma\/fr\/wp-json\/wp\/v2\/users\/4"}],"replies":[{"embeddable":true,"href":"https:\/\/le12.ma\/fr\/wp-json\/wp\/v2\/comments?post=15107"}],"version-history":[{"count":1,"href":"https:\/\/le12.ma\/fr\/wp-json\/wp\/v2\/posts\/15107\/revisions"}],"predecessor-version":[{"id":15108,"href":"https:\/\/le12.ma\/fr\/wp-json\/wp\/v2\/posts\/15107\/revisions\/15108"}],"wp:featuredmedia":[{"embeddable":true,"href":"https:\/\/le12.ma\/fr\/wp-json\/wp\/v2\/media\/13964"}],"wp:attachment":[{"href":"https:\/\/le12.ma\/fr\/wp-json\/wp\/v2\/media?parent=15107"}],"wp:term":[{"taxonomy":"category","embeddable":true,"href":"https:\/\/le12.ma\/fr\/wp-json\/wp\/v2\/categories?post=15107"},{"taxonomy":"post_tag","embeddable":true,"href":"https:\/\/le12.ma\/fr\/wp-json\/wp\/v2\/tags?post=15107"},{"taxonomy":"yst_prominent_words","embeddable":true,"href":"https:\/\/le12.ma\/fr\/wp-json\/wp\/v2\/yst_prominent_words?post=15107"}],"curies":[{"name":"wp","href":"https:\/\/api.w.org\/{rel}","templated":true}]}}