{"id":14897,"date":"2021-03-17T10:45:57","date_gmt":"2021-03-17T09:45:57","guid":{"rendered":"https:\/\/le12.ma\/fr\/?p=14897"},"modified":"2021-03-17T10:45:57","modified_gmt":"2021-03-17T09:45:57","slug":"tanger-loffre-museale-senrichit-avec-louverture-de-villa-harris-musee-de-tanger","status":"publish","type":"post","link":"https:\/\/le12.ma\/fr\/tanger-loffre-museale-senrichit-avec-louverture-de-villa-harris-musee-de-tanger\/","title":{"rendered":"Tanger: L\u2019offre mus\u00e9ale s\u2019enrichit avec l\u2019ouverture de \u201cVilla Harris, mus\u00e9e de Tanger\u201d"},"content":{"rendered":"<p><span style=\"color: #ff0000;\"><strong>Tanger \u2013 le12<\/strong><\/span><\/p>\n<p><strong>La c\u00e9r\u00e9monie d\u2019ouverture de \u201cVilla Harris, mus\u00e9e de Tanger\u201d s\u2019est tenue, mardi, en pr\u00e9sence du ministre de la Culture, de la jeunesse et des sports, Othman El Ferdaous, et du pr\u00e9sident de la Fondation nationale des mus\u00e9es (FNM), Mehdi Qotbi.<\/strong><br \/>\n<strong>Cette c\u00e9r\u00e9monie, \u00e0 laquelle ont pris part notamment le directeur du Mus\u00e9e Mohammed VI d\u2019art moderne et contemporain, Abdelaziz El Idrissi, et le pr\u00e9sident de la Fondation jardin Majorelle, Madison Cox, a \u00e9t\u00e9 l\u2019occasion de pr\u00e9senter l\u2019exposition inaugurale du mus\u00e9e, fruit d\u2019une g\u00e9n\u00e9reuse donation d\u2019un m\u00e9c\u00e8ne marocain, El Khalil Belguench.<\/strong><br \/>\n<strong>\u201cJe suis tr\u00e8s heureux de d\u00e9couvrir la Villa Harris, qui est un lieu d\u2019histoire et de m\u00e9moire pour les Tang\u00e9rois et les Marocains en g\u00e9n\u00e9ral\u201d, a indiqu\u00e9 M. El Ferdaous, saluant le travail exceptionnel men\u00e9 par la FNM pour \u201carranger la rencontre entre une collection et un lieu, rencontre qui illustre bien la double fonction du patrimoine au Maroc\u201d.<\/strong><br \/>\n<strong>L\u2019ouverture de \u201cVilla Harris, mus\u00e9e de Tanger\u201d, permettra d\u2019abord de valoriser ce lieu exceptionnel qui \u00e9tait \u00e0 l\u2019abandon, a pr\u00e9cis\u00e9 le ministre dans une d\u00e9claration \u00e0 la presse, mettant en avant la forte composante de d\u00e9mocratisation de la culture qui caract\u00e9rise ce lieu.<\/strong><br \/>\n<strong>Rappelant qu\u2019un donateur marocain a donn\u00e9 sa collection d\u2019\u0153uvres pour l\u2019exposition inaugurale de ce mus\u00e9e, M. El Ferdaous a expliqu\u00e9 que cela a \u00e9t\u00e9 possible, vu que le Maroc dispose des structures qui permettent d\u2019accueillir ces dons et de rassurer ces collectionneurs quant \u00e0 la bonne prise en charge de leurs cr\u00e9ations et leur mise \u00e0 la disposition du public, de mani\u00e8re \u00e0 ce qu\u2019elles ne soient pas un art \u00e9litiste, r\u00e9serv\u00e9 \u00e0 certains.<\/strong><br \/>\n<strong>Pour sa part, M. Qotbi a exprim\u00e9 son \u201cbonheur\u201d de voir un Marocain faisant don pour partager avec les autres citoyens une collection qu\u2019il a amass\u00e9e pendant des ann\u00e9es.<\/strong><br \/>\n<strong>Le r\u00e8gne de SM le Roi Mohammed VI est celui de la modernisation et du progr\u00e8s du pays, a-t-il poursuivi, mettant en avant la place importante qu\u2019accorde le Souverain \u00e0 la culture.<\/strong><br \/>\n<strong>\u201cGr\u00e2ce \u00e0 cette politique insuffl\u00e9e par le Souverain, le Maroc est pris en exemple dans le monde\u201d, a affirm\u00e9 M. Qotbi, notant que \u201cla culture joue et jouera un r\u00f4le encore plus important qu\u2019avant dans la politique touristique du Royaume\u201d.<\/strong><br \/>\n<strong>L\u2019exposition inaugurale du mus\u00e9e se d\u00e9ploie sur un parcours qui retrace l\u2019histoire de l\u2019art au Maroc \u00e0 travers 4 grandes p\u00e9riodes. La premi\u00e8re est celle de la fascination des peintres occidentaux pour la lumi\u00e8re, la couleur et l\u2019hospitalit\u00e9 qu\u2019offre le paysage naturel, urbain et social du Maroc. Cette section comporte des tableaux de plusieurs peintres, dont Delacroix, Jacques Majorelle, Edy-Legrand, Claudio Bravo et Jacques Veyrassat.<\/strong><br \/>\n<strong>La deuxi\u00e8me p\u00e9riode met l\u2019accent sur les premiers peintres marocains ayant c\u00f4toy\u00e9 des artistes europ\u00e9ens, tels que Mohammed Ben Ali R\u2019bati, Mohamed Ben Allal, Ahmed Yacoubi et Mohamed Hamri. Il s\u2019agit \u00e9galement de la p\u00e9riode des premiers artistes marocains ayant b\u00e9n\u00e9fici\u00e9 d\u2019une formation artistique \u00e0 l\u2019Ecole nationale des beaux-arts de T\u00e9touan (ENBA).<\/strong><br \/>\n<strong>La troisi\u00e8me p\u00e9riode couvre les ann\u00e9es 50, 60 et 70 et annonce l\u2019affirmation de la modernit\u00e9 artistique marocaine et la diversit\u00e9 des approches plastiques qui l\u2019accompagne avec une ma\u00eetrise th\u00e9orique et conceptuelle des d\u00e9bats qui traversaient \u00e0 l\u2019\u00e9poque le panorama de l\u2019art mondial. Il s\u2019agit de la p\u00e9riode des grands ma\u00eetres de la peinture marocaine comme Jilali Gharbaoui et Ahmed Cherkaoui.<\/strong><br \/>\n<strong>Quant \u00e0 la quatri\u00e8me p\u00e9riode, elle englobe des oeuvres contemporaines qui refl\u00e8tent le caract\u00e8re \u00e9clectique de l\u2019art marocain, ainsi que les exp\u00e9rimentations esth\u00e9tiques qu\u2019offrent les nouveaux supports de cr\u00e9ation.<\/strong><br \/>\n<strong>Par ailleurs, un nouvel espace p\u00e9dagogique d\u00e9di\u00e9 \u00e0 la jeunesse accompagne l\u2019exposition, avec une borne interactive et une biblioth\u00e8que qui permettent d\u2019approfondir la compr\u00e9hension des \u0153uvres et des artistes expos\u00e9s.<\/strong><br \/>\n<strong>Il est \u00e0 noter que le Mus\u00e9e Villa Harris a vu le jour gr\u00e2ce \u00e0 une \u00e9troite collaboration de la FNM avec la Wilaya de la r\u00e9gion de Tanger-T\u00e9touan-Al Hoceima, l\u2019Agence pour la promotion et le d\u00e9veloppement du Nord (APDN) et le minist\u00e8re de la Culture, de la jeunesse et des sports, qui ont permis la r\u00e9novation de ce b\u00e2timent en conservant son cachet authentique.<\/strong><\/p>\n","protected":false},"excerpt":{"rendered":"<p>Tanger \u2013 le12 La c\u00e9r\u00e9monie d\u2019ouverture de \u201cVilla Harris, mus\u00e9e de Tanger\u201d s\u2019est tenue, mardi, en pr\u00e9sence du ministre de la Culture, de la jeunesse et des sports, Othman El Ferdaous, et du pr\u00e9sident de la Fondation nationale des mus\u00e9es (FNM), Mehdi Qotbi. Cette c\u00e9r\u00e9monie, \u00e0 laquelle ont pris part notamment le directeur du Mus\u00e9e [&hellip;]<\/p>\n","protected":false},"author":4,"featured_media":14898,"comment_status":"open","ping_status":"open","sticky":false,"template":"","format":"standard","meta":[],"categories":[26,31,24],"tags":[],"yst_prominent_words":[583,1006,69,2195,1490,1459,1266],"jetpack_featured_media_url":"https:\/\/le12.ma\/fr\/wp-content\/uploads\/2021\/03\/MAP-17-508x300-1.jpg","_links":{"self":[{"href":"https:\/\/le12.ma\/fr\/wp-json\/wp\/v2\/posts\/14897"}],"collection":[{"href":"https:\/\/le12.ma\/fr\/wp-json\/wp\/v2\/posts"}],"about":[{"href":"https:\/\/le12.ma\/fr\/wp-json\/wp\/v2\/types\/post"}],"author":[{"embeddable":true,"href":"https:\/\/le12.ma\/fr\/wp-json\/wp\/v2\/users\/4"}],"replies":[{"embeddable":true,"href":"https:\/\/le12.ma\/fr\/wp-json\/wp\/v2\/comments?post=14897"}],"version-history":[{"count":1,"href":"https:\/\/le12.ma\/fr\/wp-json\/wp\/v2\/posts\/14897\/revisions"}],"predecessor-version":[{"id":14899,"href":"https:\/\/le12.ma\/fr\/wp-json\/wp\/v2\/posts\/14897\/revisions\/14899"}],"wp:featuredmedia":[{"embeddable":true,"href":"https:\/\/le12.ma\/fr\/wp-json\/wp\/v2\/media\/14898"}],"wp:attachment":[{"href":"https:\/\/le12.ma\/fr\/wp-json\/wp\/v2\/media?parent=14897"}],"wp:term":[{"taxonomy":"category","embeddable":true,"href":"https:\/\/le12.ma\/fr\/wp-json\/wp\/v2\/categories?post=14897"},{"taxonomy":"post_tag","embeddable":true,"href":"https:\/\/le12.ma\/fr\/wp-json\/wp\/v2\/tags?post=14897"},{"taxonomy":"yst_prominent_words","embeddable":true,"href":"https:\/\/le12.ma\/fr\/wp-json\/wp\/v2\/yst_prominent_words?post=14897"}],"curies":[{"name":"wp","href":"https:\/\/api.w.org\/{rel}","templated":true}]}}