{"id":148,"date":"2020-07-08T16:58:58","date_gmt":"2020-07-08T15:58:58","guid":{"rendered":"https:\/\/le12.ma\/fr\/?p=148"},"modified":"2020-07-08T16:58:58","modified_gmt":"2020-07-08T15:58:58","slug":"m-laftit-tient-une-reunion-avec-les-secretaires-generaux-et-presidents-des-partis-politiques-representes-au-parlement","status":"publish","type":"post","link":"https:\/\/le12.ma\/fr\/m-laftit-tient-une-reunion-avec-les-secretaires-generaux-et-presidents-des-partis-politiques-representes-au-parlement\/","title":{"rendered":"M. Laftit tient une r\u00e9union avec les secr\u00e9taires g\u00e9n\u00e9raux et pr\u00e9sidents des partis politiques repr\u00e9sent\u00e9s au parlement"},"content":{"rendered":"<p>&nbsp;<\/p>\n<p><strong><span style=\"color: #ff0000;\">Rabat \u2013 le12<\/span><\/strong><\/p>\n<p><strong>Le ministre de l\u2019Int\u00e9rieur, Abdelouafi Laftit, a tenu, mercredi \u00e0 Rabat, en compagnie du ministre d\u00e9l\u00e9gu\u00e9 aupr\u00e8s du ministre de l\u2019Int\u00e9rieur, Noureddine Boutayeb, une r\u00e9union avec les secr\u00e9taires g\u00e9n\u00e9raux et pr\u00e9sidents des partis politiques repr\u00e9sent\u00e9s au parlement dans le cadre des r\u00e9unions pr\u00e9vues entre le minist\u00e8re de l\u2019Int\u00e9rieur et les leaders des partis politiques pour \u00e9changer sur les conceptions des prochaines \u00e9ch\u00e9ances \u00e9lectorales.<\/strong><\/p>\n<p><strong>Cette r\u00e9union s\u2019inscrit dans le cadre de la m\u00e9thodologie de concertation fructueuse et de d\u00e9bat constructif adopt\u00e9 par le gouvernement pour \u00e9changer avec les acteurs politiques sur les grandes questions nationales, y compris la pr\u00e9paration des prochaines \u00e9ch\u00e9ances \u00e9lectorales pr\u00e9vues au Royaume en 2021, indique un communiqu\u00e9 du minist\u00e8re de l\u2019Int\u00e9rieur, pr\u00e9cisant qu\u2019il s\u2019agit d\u2019une ann\u00e9e \u00e9lectorale par excellence avec le renouvellement de l\u2019ensemble des institutions repr\u00e9sentatives nationales locales et professionnelles, qu\u2019il s\u2019agisse de conseils communaux, de conseils provinciaux, de conseils r\u00e9gionaux, de chambres professionnelles, d\u2019\u00e9lections des repr\u00e9sentants des salari\u00e9s ou des deux chambres parlementaires.<\/strong><\/p>\n<p><strong>\u00c0 l\u2019entame de cette r\u00e9union, M. Laftit a soulign\u00e9 l\u2019importance de cette rencontre qui vise \u00e0 bien pr\u00e9parer l\u2019ensemble des prochaines \u00e9ch\u00e9ances \u00e9lectorales et qui constitue le d\u00e9but effectif du chantier de concertations portant sur les \u00e9lections et visant \u00e0 ancrer l\u2019entente en vue de poursuivre le renforcement des r\u00e9formes politiques entam\u00e9es par le Royaume et apporter une dynamique nouvelle au travail politique et aux institutions politiques de mani\u00e8re \u00e0 r\u00e9pondre aux aspirations des citoyens, ajoute le communiqu\u00e9.<\/strong><\/p>\n<p><strong>Le ministre a fait part de la ferme volont\u00e9 du gouvernement et des acteurs politiques de poursuivre le renforcement du processus d\u00e9mocratique du Royaume et participer \u00e0 l\u2019\u00e9dification du Maroc de la modernit\u00e9 et de la solidarit\u00e9 men\u00e9 par Sa Majest\u00e9 le Roi Mohammed VI, que Dieu Le glorifie, poursuit la m\u00eame source, rappelant les avanc\u00e9es consid\u00e9rables r\u00e9alis\u00e9es par le Maroc durant les deux derni\u00e8res d\u00e9cennies dans les domaines politiques, \u00e9conomiques et sociaux, lesquelles ont conf\u00e9r\u00e9 au Royaume un rayonnement au niveau international.<\/strong><\/p>\n<p><strong>Dans ce sens, M. Laftit a affirm\u00e9 que les sages d\u00e9cisions de SM le Roi visant \u00e0 ancrer l\u2019Etat de droit \u00e0 travers des r\u00e9formes institutionnelles profondes ont permis de mettre en place un climat sain pour l\u2019exercice des libert\u00e9s d\u00e9mocratiques et a fait des \u00e9ch\u00e9ances \u00e9lectorales qu\u2019a connu le Maroc, depuis l\u2019accession du Souverain au Tr\u00f4ne de Ses glorieux anc\u00eatres, des rendez-vous r\u00e9guliers marqu\u00e9s par la transparence et la concurrence loyale, et dont les r\u00e9sultats avaient fait l\u2019unanimit\u00e9 au niveau national et obtenu la reconnaissance internationale.<\/strong><\/p>\n<p><strong>Apr\u00e8s avoir \u00e9voqu\u00e9 l\u2019atmosph\u00e8re positive qui marque continuellement les rencontres du minist\u00e8re de l\u2019Int\u00e9rieur avec les diff\u00e9rents acteurs politiques, M. Laftit a rappel\u00e9 que son d\u00e9partement veille \u00e0 assurer et \u00e0 prot\u00e9ger le multipartisme, conform\u00e9ment aux Hautes Instructions Royales, \u00e0 faire preuve d\u2019\u00e9coute \u00e0 l\u2019\u00e9gard des acteurs politiques et \u00e0 prendre en consid\u00e9ration l\u2019ensemble des affaires qui les int\u00e9ressent.<\/strong><\/p>\n<p><strong>L\u2019ensemble des parties prenantes doivent prendre les mesures n\u00e9cessaires pour que les prochaines \u00e9ch\u00e9ances \u00e9lectorales se passent dans une ambiance marqu\u00e9e par la concurrence loyale et l\u2019\u00e9galit\u00e9 des chances entre les diff\u00e9rents candidats et entit\u00e9s politiques, afin de renforcer la confiance des citoyens dans les urnes et dans les institutions repr\u00e9sentatives qui en d\u00e9coulent, rel\u00e8ve le document.<\/strong><\/p>\n<p><strong>Dans ce sens, le minist\u00e8re de l\u2019Int\u00e9rieur \u0153uvrera pour la r\u00e9ussite de l\u2019ensemble des \u00e9tapes du processus \u00e9lectoral et r\u00e9alisera l\u2019ensemble des t\u00e2ches qui lui sont assign\u00e9es avec s\u00e9rieux et responsabilit\u00e9, conform\u00e9ment \u00e0 l\u2019esprit de la Constitution et en toute neutralit\u00e9 tant au niveau de la pr\u00e9paration des diff\u00e9rentes op\u00e9rations \u00e9lectorales que de leurs r\u00e9alisations, a indiqu\u00e9 M. Laftit, soulignant que l\u2019ensemble des parties doivent s\u2019en tenir aux valeurs d\u00e9mocratiques, \u00e0 l\u2019\u00e9thique des \u00e9lections et \u00e0 l\u2019obligation de transparence et de concurrence loyale pour permettre aux organisateurs des \u00e9lections de r\u00e9pondre de la fa\u00e7on la plus stricte en cas de d\u00e9passement.<\/strong><\/p>\n<p><strong>Le minist\u00e8re de l\u2019Int\u00e9rieur est mobilis\u00e9, aux c\u00f4t\u00e9s des secr\u00e9taires g\u00e9n\u00e9raux et pr\u00e9sidents des partis politiques, pour examiner les questions relatives aux \u00e9ch\u00e9ances \u00e9lectorales afin d\u2019y trouver des solutions ad\u00e9quates dans le cadre d\u2019un d\u00e9bat responsable et transparent, a-t-il ajout\u00e9, appelant les secr\u00e9taires g\u00e9n\u00e9raux et pr\u00e9sidents des partis politiques \u00e0 faire part de leur propositions en vue de pr\u00e9parer une base pr\u00e9liminaire des changements \u00e9ventuels pouvant \u00eatre apport\u00e9s au syst\u00e8me \u00e9lectoral avant de l\u2019examiner et d\u2019en d\u00e9battre dans le cadre de la concertation avec les instances politiques.<\/strong><\/p>\n","protected":false},"excerpt":{"rendered":"<p>&nbsp; Rabat \u2013 le12 Le ministre de l\u2019Int\u00e9rieur, Abdelouafi Laftit, a tenu, mercredi \u00e0 Rabat, en compagnie du ministre d\u00e9l\u00e9gu\u00e9 aupr\u00e8s du ministre de l\u2019Int\u00e9rieur, Noureddine Boutayeb, une r\u00e9union avec les secr\u00e9taires g\u00e9n\u00e9raux et pr\u00e9sidents des partis politiques repr\u00e9sent\u00e9s au parlement dans le cadre des r\u00e9unions pr\u00e9vues entre le minist\u00e8re de l\u2019Int\u00e9rieur et les leaders [&hellip;]<\/p>\n","protected":false},"author":3,"featured_media":149,"comment_status":"open","ping_status":"open","sticky":false,"template":"","format":"standard","meta":[],"categories":[28,22],"tags":[],"yst_prominent_words":[113,116,109,122,110,105,120,123,119,121,108,117,112,114,124,111,107,115,106,118],"jetpack_featured_media_url":"https:\/\/le12.ma\/fr\/wp-content\/uploads\/2020\/07\/M.-Laftit-tient-une-r\u00e9union-avec-les-secr\u00e9taires-g\u00e9n\u00e9raux-et-pr\u00e9sidents-des-partis-politiques-repr\u00e9sent\u00e9s-au-parlement.jpg","_links":{"self":[{"href":"https:\/\/le12.ma\/fr\/wp-json\/wp\/v2\/posts\/148"}],"collection":[{"href":"https:\/\/le12.ma\/fr\/wp-json\/wp\/v2\/posts"}],"about":[{"href":"https:\/\/le12.ma\/fr\/wp-json\/wp\/v2\/types\/post"}],"author":[{"embeddable":true,"href":"https:\/\/le12.ma\/fr\/wp-json\/wp\/v2\/users\/3"}],"replies":[{"embeddable":true,"href":"https:\/\/le12.ma\/fr\/wp-json\/wp\/v2\/comments?post=148"}],"version-history":[{"count":3,"href":"https:\/\/le12.ma\/fr\/wp-json\/wp\/v2\/posts\/148\/revisions"}],"predecessor-version":[{"id":152,"href":"https:\/\/le12.ma\/fr\/wp-json\/wp\/v2\/posts\/148\/revisions\/152"}],"wp:featuredmedia":[{"embeddable":true,"href":"https:\/\/le12.ma\/fr\/wp-json\/wp\/v2\/media\/149"}],"wp:attachment":[{"href":"https:\/\/le12.ma\/fr\/wp-json\/wp\/v2\/media?parent=148"}],"wp:term":[{"taxonomy":"category","embeddable":true,"href":"https:\/\/le12.ma\/fr\/wp-json\/wp\/v2\/categories?post=148"},{"taxonomy":"post_tag","embeddable":true,"href":"https:\/\/le12.ma\/fr\/wp-json\/wp\/v2\/tags?post=148"},{"taxonomy":"yst_prominent_words","embeddable":true,"href":"https:\/\/le12.ma\/fr\/wp-json\/wp\/v2\/yst_prominent_words?post=148"}],"curies":[{"name":"wp","href":"https:\/\/api.w.org\/{rel}","templated":true}]}}