{"id":14636,"date":"2021-03-12T10:44:20","date_gmt":"2021-03-12T09:44:20","guid":{"rendered":"https:\/\/le12.ma\/fr\/?p=14636"},"modified":"2021-03-12T10:44:20","modified_gmt":"2021-03-12T09:44:20","slug":"la-fondation-mohammed-vi-de-promotion-des-oeuvres-sociales-de-leducation-et-de-formation-et-lonef-examinent-des-questions-liees-au-systeme-educatif","status":"publish","type":"post","link":"https:\/\/le12.ma\/fr\/la-fondation-mohammed-vi-de-promotion-des-oeuvres-sociales-de-leducation-et-de-formation-et-lonef-examinent-des-questions-liees-au-systeme-educatif\/","title":{"rendered":"La Fondation Mohammed VI de Promotion des \u0153uvres sociales de l\u2019\u00e9ducation et de formation et l\u2019ONEF examinent des questions li\u00e9es au syst\u00e8me \u00e9ducatif"},"content":{"rendered":"<p><span style=\"color: #ff0000;\"><strong>Rabat \u2013le12<\/strong><\/span><\/p>\n<p><strong> La Fondation Mohammed VI de Promotion des \u0153uvres sociales de l\u2019\u00e9ducation et de formation et l\u2019Observatoire national de l\u2019\u00e9ducation et de la formation (ONEF) ont examin\u00e9 une s\u00e9rie de questions relatives au syst\u00e8me \u00e9ducatif, notamment en mati\u00e8re sociale, \u00e0 l\u2019occasion d\u2019une rencontre entre les responsables des deux organisations.<\/strong><\/p>\n<p><strong>Dans un communiqu\u00e9 parvenu vendredi \u00e0 la MAP, l\u2019Observatoire rel\u00e8ve que la Fondation et l\u2019ONEF ont fait part de leur disponibilit\u00e9 \u00e0 adh\u00e9rer pleinement \u00e0 tout ce qui a trait \u00e0 la vie sociale, \u00e9ducative et culturelle de la famille de l\u2019\u00e9ducation et de la formation, \u00e0 travers le renforcement de la communication, en organisant des rencontres et en menant des \u00e9tudes.<\/strong><\/p>\n<p><strong>Durant cette rencontre, le pr\u00e9sident de la Fondation Mohammed VI, Youssef Bakkali, accompagn\u00e9 de son secr\u00e9taire g\u00e9n\u00e9rale, Jamal Zitouni, et de directeurs de la Fondation, ont re\u00e7u une d\u00e9l\u00e9gation de l\u2019ONEF compos\u00e9e de MM. Mohamed Derouich, Moussaoui Ajlaoui, Mohamed Sidi et Hassan Barkia.<\/strong><\/p>\n<p><strong>A cette occasion, M. Bakkali a appel\u00e9 \u00e0 ce que l\u2019ONEF, en tant qu\u2019institution riche en experts, participe activement \u00e0 l\u2019enrichissement du r\u00e9seau de la radio culturelle \u201cRadio Manarat\u201d, avec un programme qui r\u00e9pond aux attentes de la famille de l\u2019\u00e9ducation et de la formation.<\/strong><\/p>\n<p><strong>\u00c0 cet \u00e9gard, M. Bakkali a pass\u00e9 en revu les r\u00e9alisations de la Fondation, ses projets et le nombre de ses adh\u00e9rents qui a atteint les 435.000, \u00e9voquant les axes de divertissement, de voyages, de p\u00e8lerinages, de clubs socio-sportifs, de transport routier et ferroviaire, de formation, d\u2019\u00e9ducation, de culture, de sant\u00e9 et d\u2019aides aux financements classiques et participatives.<\/strong><\/p>\n<p><strong>Il a \u00e9galement fait r\u00e9f\u00e9rence aux complexes h\u00f4teliers dans les villes d\u2019El Jadida, Ifrane et Agadir et de projets dans les villes de T\u00e9touan et Casablanca, en plus du projet \u201cNafida 2\u201d qui permettra \u00e0 150.000 de b\u00e9n\u00e9ficier de 2.000 dirhams pour l\u2019achat d\u2019ordinateurs, outre une r\u00e9duction de 25% sur les prix d\u2019abonnements internet.<\/strong><\/p>\n<p><strong>Pour sa part, M. Derouich a pr\u00e9sent\u00e9 un bref aper\u00e7u sur l\u2019ONEF, assurant qu\u2019il s\u2019agit d\u2019une association nationale civile et ind\u00e9pendante, conform\u00e9ment au Dahir 58, et qu\u2019elle ne se substitue ainsi \u00e0 aucun syndicat ou autres organisations.<\/strong><\/p>\n<p><strong>Il a \u00e9galement pr\u00e9sent\u00e9 les activit\u00e9s nationales et internationales de l\u2019Observatoire, en plus des m\u00e9diations qu\u2019il a men\u00e9es en toute objectivit\u00e9 en vue d\u2019apaiser les tensions qu\u2019a connues le syst\u00e8me \u00e9ducatif, \u00e0 travers le rapprochement des points de vue et la proposition de solutions possibles.<\/strong><\/p>\n","protected":false},"excerpt":{"rendered":"<p>Rabat \u2013le12 La Fondation Mohammed VI de Promotion des \u0153uvres sociales de l\u2019\u00e9ducation et de formation et l\u2019Observatoire national de l\u2019\u00e9ducation et de la formation (ONEF) ont examin\u00e9 une s\u00e9rie de questions relatives au syst\u00e8me \u00e9ducatif, notamment en mati\u00e8re sociale, \u00e0 l\u2019occasion d\u2019une rencontre entre les responsables des deux organisations. Dans un communiqu\u00e9 parvenu vendredi [&hellip;]<\/p>\n","protected":false},"author":4,"featured_media":14637,"comment_status":"open","ping_status":"open","sticky":false,"template":"","format":"standard","meta":[],"categories":[26,31],"tags":[],"yst_prominent_words":[4747,841,1124,971,1499,1490,512,2116,328,1116,2535],"jetpack_featured_media_url":"https:\/\/le12.ma\/fr\/wp-content\/uploads\/2021\/03\/20210312_104312.jpg","_links":{"self":[{"href":"https:\/\/le12.ma\/fr\/wp-json\/wp\/v2\/posts\/14636"}],"collection":[{"href":"https:\/\/le12.ma\/fr\/wp-json\/wp\/v2\/posts"}],"about":[{"href":"https:\/\/le12.ma\/fr\/wp-json\/wp\/v2\/types\/post"}],"author":[{"embeddable":true,"href":"https:\/\/le12.ma\/fr\/wp-json\/wp\/v2\/users\/4"}],"replies":[{"embeddable":true,"href":"https:\/\/le12.ma\/fr\/wp-json\/wp\/v2\/comments?post=14636"}],"version-history":[{"count":1,"href":"https:\/\/le12.ma\/fr\/wp-json\/wp\/v2\/posts\/14636\/revisions"}],"predecessor-version":[{"id":14638,"href":"https:\/\/le12.ma\/fr\/wp-json\/wp\/v2\/posts\/14636\/revisions\/14638"}],"wp:featuredmedia":[{"embeddable":true,"href":"https:\/\/le12.ma\/fr\/wp-json\/wp\/v2\/media\/14637"}],"wp:attachment":[{"href":"https:\/\/le12.ma\/fr\/wp-json\/wp\/v2\/media?parent=14636"}],"wp:term":[{"taxonomy":"category","embeddable":true,"href":"https:\/\/le12.ma\/fr\/wp-json\/wp\/v2\/categories?post=14636"},{"taxonomy":"post_tag","embeddable":true,"href":"https:\/\/le12.ma\/fr\/wp-json\/wp\/v2\/tags?post=14636"},{"taxonomy":"yst_prominent_words","embeddable":true,"href":"https:\/\/le12.ma\/fr\/wp-json\/wp\/v2\/yst_prominent_words?post=14636"}],"curies":[{"name":"wp","href":"https:\/\/api.w.org\/{rel}","templated":true}]}}