{"id":14497,"date":"2021-03-10T12:03:39","date_gmt":"2021-03-10T11:03:39","guid":{"rendered":"https:\/\/le12.ma\/fr\/?p=14497"},"modified":"2021-03-10T12:03:39","modified_gmt":"2021-03-10T11:03:39","slug":"fes-parution-dun-ouvrage-sur-covid-19-entre-optimisme-et-objectivite","status":"publish","type":"post","link":"https:\/\/le12.ma\/fr\/fes-parution-dun-ouvrage-sur-covid-19-entre-optimisme-et-objectivite\/","title":{"rendered":"F\u00e8s : Parution d\u2019un ouvrage sur \u2018\u2019Covid-19 : Entre optimisme et objectivit\u00e9\u2019\u2019"},"content":{"rendered":"<p><span style=\"color: #ff0000;\"><strong>F\u00e8s \u2013 le12<\/strong><\/span><\/p>\n<p><strong>\u2019Covid-19 : Entre optimisme et objectivit\u00e9\u2019\u2019 est l\u2019intitul\u00e9 de la nouvelle publication de Tarik Sqalli Houssaini, professeur \u00e0 la facult\u00e9 de m\u00e9decine et de pharmacie de F\u00e8s (FMPF).<\/strong><\/p>\n<p><strong>\u00c9dit\u00e9 par l\u2019universit\u00e9 Sidi Mohamed Ben Abdellah (USMBA) de F\u00e8s, l\u2019ouvrage de format moyen (230 pages) \u2018\u2019r\u00e9sume une ann\u00e9e exceptionnelle sur tous les plans et constitue un hommage au personnel soignant engag\u00e9 dans la lutte contre la COVID-19 et \u00e0 tous ceux qui ont perdu la vie sur le front de la pand\u00e9mie\u2019\u2019.<\/strong><\/p>\n<p><strong>Le livre est une compilation des deux chroniques de l\u2019auteur \u201cOptimiste mais non t\u00e9m\u00e9raire\u201d et \u201cen toute objectivit\u00e9\u201d, qui se sont succ\u00e9d\u00e9 dans le temps avec plusieurs publications \u00e9tal\u00e9es sur l\u2019ann\u00e9e 2020.<\/strong><\/p>\n<p><strong>\u201cDurant toute une ann\u00e9e, notre humeur a chancel\u00e9 au rythme des courbes et des statistiques. Elle a vacill\u00e9 entre un espoir l\u00e9gitime et un certain d\u00e9couragement aliment\u00e9 par des donn\u00e9es incertaines, des scientifiques partag\u00e9s, des politiques plus ou moins h\u00e9sitants et une prolif\u00e9ration de fake news sur la toile amplifiant l\u2019angoisse des plus cr\u00e9dules\u201d, explique l\u2019auteur de la publication.<\/strong><\/p>\n<p><strong>Selon lui, rien de plus naturel alors pour un professionnel de la sant\u00e9 dans ce contexte que de jouer son r\u00f4le citoyen, d\u2019essayer de d\u00e9crypter la situation au fil du temps et de se positionner sur les r\u00e9seaux sociaux, l\u00e0 o\u00f9 d\u00e9sormais se joue la bataille de l\u2019information (et de la d\u00e9sinformation).<\/strong><\/p>\n<p><strong>La chronique \u201cOptimiste mais non t\u00e9m\u00e9raire\u201d, rel\u00e8ve Pr Sqalli Houssaini, avait pour but de sensibiliser les lecteurs, de motiver chacun \u00e0 jouer son r\u00f4le essentiel que ce soit au front ou en respectant le confinement chez soi, et de booster cette envie de s\u2019en sortir ensemble qui aide \u00e0 supporter une situation in\u00e9dite.<\/strong><\/p>\n<p><strong>\u201cEn juillet, \u00e0 l\u2019approche de l\u2019A\u00efd Al Adha, le rel\u00e2chement \u00e9tait \u00e9vident. Continuer \u00e0 tenir un discours optimiste risquait de devenir contre-productif. Il fallait changer le fusil d\u2019\u00e9paule. C\u2019est ainsi qu\u2019apr\u00e8s un interm\u00e8de de quelques semaines, la nouvelle chronique +En toute objectivit\u00e9+ allait prendre place pour accompagner la deuxi\u00e8me vague de la pand\u00e9mie\u201d, rappelle-t-il.<\/strong><\/p>\n<p><strong>L\u2019ouvrage met \u00e9galement en avant \u2018\u2019les efforts \u00e9normes\u2019\u2019 d\u00e9ploy\u00e9s par le Maroc pour contrecarrer la pand\u00e9mie, avec une note de fin partag\u00e9e entre l\u2019espoir suscit\u00e9 par le vaccin et l\u2019appr\u00e9hension caus\u00e9e par les nouveaux variants.<\/strong><\/p>\n<p><strong>Dans la pr\u00e9face de l\u2019ouvrage, l\u2019anesth\u00e9siste-r\u00e9animateur, Pr Ahmed Rhassane El Adib, met l\u2019accent sur la pertinence de cette publication qui revient sur une \u2018\u2019ann\u00e9e exceptionnelle sur tous les plans, o\u00f9 l\u2019aspect humain a \u00e9t\u00e9 un moteur pour beaucoup, d\u2019utiliser leur background de professionnel du terrain, de manager, de scientifique et de p\u00e9dagogue, au profit d\u2019une d\u00e9marche citoyenne proactive et surtout positive dans la lutte contre l\u2019\u00e9pid\u00e9mie\u2019\u2019.<\/strong><\/p>\n","protected":false},"excerpt":{"rendered":"<p>F\u00e8s \u2013 le12 \u2019Covid-19 : Entre optimisme et objectivit\u00e9\u2019\u2019 est l\u2019intitul\u00e9 de la nouvelle publication de Tarik Sqalli Houssaini, professeur \u00e0 la facult\u00e9 de m\u00e9decine et de pharmacie de F\u00e8s (FMPF). \u00c9dit\u00e9 par l\u2019universit\u00e9 Sidi Mohamed Ben Abdellah (USMBA) de F\u00e8s, l\u2019ouvrage de format moyen (230 pages) \u2018\u2019r\u00e9sume une ann\u00e9e exceptionnelle sur tous les plans [&hellip;]<\/p>\n","protected":false},"author":4,"featured_media":14498,"comment_status":"open","ping_status":"open","sticky":false,"template":"","format":"standard","meta":[],"categories":[26,31],"tags":[],"yst_prominent_words":[140,4367,1503,1012,3163,407,5326,4459,265],"jetpack_featured_media_url":"https:\/\/le12.ma\/fr\/wp-content\/uploads\/2021\/03\/20210310_120218.jpg","_links":{"self":[{"href":"https:\/\/le12.ma\/fr\/wp-json\/wp\/v2\/posts\/14497"}],"collection":[{"href":"https:\/\/le12.ma\/fr\/wp-json\/wp\/v2\/posts"}],"about":[{"href":"https:\/\/le12.ma\/fr\/wp-json\/wp\/v2\/types\/post"}],"author":[{"embeddable":true,"href":"https:\/\/le12.ma\/fr\/wp-json\/wp\/v2\/users\/4"}],"replies":[{"embeddable":true,"href":"https:\/\/le12.ma\/fr\/wp-json\/wp\/v2\/comments?post=14497"}],"version-history":[{"count":1,"href":"https:\/\/le12.ma\/fr\/wp-json\/wp\/v2\/posts\/14497\/revisions"}],"predecessor-version":[{"id":14499,"href":"https:\/\/le12.ma\/fr\/wp-json\/wp\/v2\/posts\/14497\/revisions\/14499"}],"wp:featuredmedia":[{"embeddable":true,"href":"https:\/\/le12.ma\/fr\/wp-json\/wp\/v2\/media\/14498"}],"wp:attachment":[{"href":"https:\/\/le12.ma\/fr\/wp-json\/wp\/v2\/media?parent=14497"}],"wp:term":[{"taxonomy":"category","embeddable":true,"href":"https:\/\/le12.ma\/fr\/wp-json\/wp\/v2\/categories?post=14497"},{"taxonomy":"post_tag","embeddable":true,"href":"https:\/\/le12.ma\/fr\/wp-json\/wp\/v2\/tags?post=14497"},{"taxonomy":"yst_prominent_words","embeddable":true,"href":"https:\/\/le12.ma\/fr\/wp-json\/wp\/v2\/yst_prominent_words?post=14497"}],"curies":[{"name":"wp","href":"https:\/\/api.w.org\/{rel}","templated":true}]}}