{"id":14484,"date":"2021-03-10T09:39:24","date_gmt":"2021-03-10T08:39:24","guid":{"rendered":"https:\/\/le12.ma\/fr\/?p=14484"},"modified":"2021-03-10T09:39:24","modified_gmt":"2021-03-10T08:39:24","slug":"droit-dacces-a-linformation-convention-de-partenariat-et-de-cooperation-entre-la-cdai-et-le-ccme","status":"publish","type":"post","link":"https:\/\/le12.ma\/fr\/droit-dacces-a-linformation-convention-de-partenariat-et-de-cooperation-entre-la-cdai-et-le-ccme\/","title":{"rendered":"Droit d\u2019acc\u00e8s \u00e0 l\u2019information : Convention de partenariat et de coop\u00e9ration entre la CDAI et le CCME"},"content":{"rendered":"<p><span style=\"color: #ff0000;\"><strong>Rabat-le12<\/strong><\/span><\/p>\n<p><strong> La Commission du droit d\u2019acc\u00e8s \u00e0 l\u2019information (CDAI) et le Conseil de la communaut\u00e9 marocaine \u00e0 l\u2019\u00e9tranger (CCME) ont sign\u00e9, mardi \u00e0 Rabat, une convention de partenariat et de coop\u00e9ration, relative \u00e0 la mise en \u0153uvre de la loi 31.13 sur le droit d\u2019acc\u00e8s \u00e0 l\u2019information entr\u00e9e en vigueur le 12 mars 2020.<\/strong><\/p>\n<p><strong>Les deux parties s\u2019engagent en vertu de cette convention, paraph\u00e9e par le pr\u00e9sident de la CDAI, Omar Seghrouchni et le pr\u00e9sident de la CCME, Driss El Yazami, \u00e0 travailler en commun pour accompagner le Conseil dans le processus de mise en place, conform\u00e9ment \u00e0 la loi, d\u2019un syst\u00e8me int\u00e9gr\u00e9 et proactif d\u2019acc\u00e8s \u00e0 l\u2019information et de r\u00e9pondre aux demandes d\u2019informations \u00e9manant des citoyens en mati\u00e8re d\u2019informations.<\/strong><\/p>\n<p><strong>Dans une d\u00e9claration \u00e0 la MAP \u00e0 cette occasion, le pr\u00e9sident de la CDAI a rappel\u00e9 que la CDAI est en charge sur le plan national de l\u2019accompagnement du d\u00e9ploiement du droit d\u2019acc\u00e9der \u00e0 l\u2019information stipul\u00e9 par l\u2019article 27 de la constitution.<\/strong><\/p>\n<p><strong>Cet accompagnement est un travail important \u201cde longue haleine\u201d et concerne un large p\u00e9rim\u00e8tre d\u2019institutions publiques, notamment la Chambre des Repr\u00e9sentants, la Chambre des Conseillers, les administrations et les collectivit\u00e9s territoriales, a ajout\u00e9 M. Seghrouchni.<\/strong><\/p>\n<p><strong>La signature de cette convention avec le CCME va concerner un ensemble de concitoyens qui sont \u00e0 l\u2019\u00e9tranger et cela illustre et va illustrer de fa\u00e7on op\u00e9rationnelle en termes de formation, d\u2019accompagnement et d\u2019expertise, le d\u00e9ploiement de ce droit d\u2019acc\u00e8s \u00e0 l\u2019information, a-t-il not\u00e9.<\/strong><\/p>\n<p><strong>Pour sa part, M. El Yazami a relev\u00e9, dans une d\u00e9claration similaire, que cette convention va aider le Conseil \u00e0 mettre les informations qu\u2019ils poss\u00e8dent \u00e0 la disposition du public marocain ici et des communaut\u00e9s marocaines expatri\u00e9es ainsi qu\u2019\u00e0 permettre de mettre en \u0153uvre effectivement ce droit constitutionnel.<\/strong><\/p>\n<p><strong>L\u2019objectif de cette convention est de syst\u00e9matiser l\u2019effort du CCME, de former les coll\u00e8gues qui vont s\u2019occuper de mani\u00e8re tr\u00e8s active \u00e0 mettre l\u2019ensemble des informations \u00e0 la disposition des concitoyens qu\u2019ils soient ici ou \u00e0 l\u2019\u00e9tranger, a poursuivi le pr\u00e9sident de la CCME.<\/strong><\/p>\n<p><strong>Ainsi, le CCME communiquera \u00e0 la CDAI le plan de classement des documents mis \u00e0 la disposition des citoyens, tout en prenant en compte les dispositions pertinentes de la loi 69.99 sur les archives et la loi 09.08 sur la protection des donn\u00e9es \u00e0 caract\u00e8re personnel, ainsi que les noms de ses collaborateurs assign\u00e9s \u00e0 cette t\u00e2che.<\/strong><\/p>\n<p><strong>De son c\u00f4t\u00e9, la CDAI s\u2019engage \u00e0 la formation et \u00e0 l\u2019accompagnement desdits collaborateurs, et de mener, conform\u00e9ment \u00e0 l\u2019article 22 de la loi 31.13 qui d\u00e9finit ses pr\u00e9rogatives, des investigations sur les \u00e9ventuelles requ\u00eates de citoyens qui n\u2019auraient pas \u00e9t\u00e9 satisfaites par le CCME.<\/strong><\/p>\n<p><strong>Parall\u00e8lement un groupe de travail conjoint, constitu\u00e9 de repr\u00e9sentants des deux institutions, est mis sur pied et est charg\u00e9 d\u2019\u00e9laborer le programme de travail annuel conjoint et de veiller \u00e0 son ex\u00e9cution. Le rapport annuel de la CDAI comportera le bilan de la collaboration des deux institutions.<\/strong><\/p>\n","protected":false},"excerpt":{"rendered":"<p>Rabat-le12 La Commission du droit d\u2019acc\u00e8s \u00e0 l\u2019information (CDAI) et le Conseil de la communaut\u00e9 marocaine \u00e0 l\u2019\u00e9tranger (CCME) ont sign\u00e9, mardi \u00e0 Rabat, une convention de partenariat et de coop\u00e9ration, relative \u00e0 la mise en \u0153uvre de la loi 31.13 sur le droit d\u2019acc\u00e8s \u00e0 l\u2019information entr\u00e9e en vigueur le 12 mars 2020. Les [&hellip;]<\/p>\n","protected":false},"author":4,"featured_media":14485,"comment_status":"open","ping_status":"open","sticky":false,"template":"","format":"standard","meta":[],"categories":[26,24],"tags":[],"yst_prominent_words":[4859,100,705,2302,340,5461,161,3234,1686,362,579],"jetpack_featured_media_url":"https:\/\/le12.ma\/fr\/wp-content\/uploads\/2021\/03\/20210310_093802.jpg","_links":{"self":[{"href":"https:\/\/le12.ma\/fr\/wp-json\/wp\/v2\/posts\/14484"}],"collection":[{"href":"https:\/\/le12.ma\/fr\/wp-json\/wp\/v2\/posts"}],"about":[{"href":"https:\/\/le12.ma\/fr\/wp-json\/wp\/v2\/types\/post"}],"author":[{"embeddable":true,"href":"https:\/\/le12.ma\/fr\/wp-json\/wp\/v2\/users\/4"}],"replies":[{"embeddable":true,"href":"https:\/\/le12.ma\/fr\/wp-json\/wp\/v2\/comments?post=14484"}],"version-history":[{"count":1,"href":"https:\/\/le12.ma\/fr\/wp-json\/wp\/v2\/posts\/14484\/revisions"}],"predecessor-version":[{"id":14486,"href":"https:\/\/le12.ma\/fr\/wp-json\/wp\/v2\/posts\/14484\/revisions\/14486"}],"wp:featuredmedia":[{"embeddable":true,"href":"https:\/\/le12.ma\/fr\/wp-json\/wp\/v2\/media\/14485"}],"wp:attachment":[{"href":"https:\/\/le12.ma\/fr\/wp-json\/wp\/v2\/media?parent=14484"}],"wp:term":[{"taxonomy":"category","embeddable":true,"href":"https:\/\/le12.ma\/fr\/wp-json\/wp\/v2\/categories?post=14484"},{"taxonomy":"post_tag","embeddable":true,"href":"https:\/\/le12.ma\/fr\/wp-json\/wp\/v2\/tags?post=14484"},{"taxonomy":"yst_prominent_words","embeddable":true,"href":"https:\/\/le12.ma\/fr\/wp-json\/wp\/v2\/yst_prominent_words?post=14484"}],"curies":[{"name":"wp","href":"https:\/\/api.w.org\/{rel}","templated":true}]}}