{"id":14428,"date":"2021-03-09T10:11:23","date_gmt":"2021-03-09T09:11:23","guid":{"rendered":"https:\/\/le12.ma\/fr\/?p=14428"},"modified":"2021-03-09T10:11:23","modified_gmt":"2021-03-09T09:11:23","slug":"lircam-rend-hommage-a-son-personnel-feminin","status":"publish","type":"post","link":"https:\/\/le12.ma\/fr\/lircam-rend-hommage-a-son-personnel-feminin\/","title":{"rendered":"L\u2019IRCAM rend hommage \u00e0 son personnel f\u00e9minin"},"content":{"rendered":"<p><span style=\"color: #ff0000;\"><strong>Rabat-le12<\/strong><\/span><\/p>\n<p><strong> L\u2019Institut royal de la culture amazighe (RCAM) a rendu hommage lundi \u00e0 son personnel f\u00e9minin \u00e0 l\u2019occasion de la journ\u00e9e internationale de la femme sous le signe \u201cLa cr\u00e9ativit\u00e9 culturelle amazighe au f\u00e9minin\u201d, et ce dans le plein respect des mesures de pr\u00e9vention en vigueur pour faire face \u00e0 la pand\u00e9mie de Covid-19.<\/strong><\/p>\n","protected":false},"excerpt":{"rendered":"<p>Rabat-le12 L\u2019Institut royal de la culture amazighe (RCAM) a rendu hommage lundi \u00e0 son personnel f\u00e9minin \u00e0 l\u2019occasion de la journ\u00e9e internationale de la femme sous le signe \u201cLa cr\u00e9ativit\u00e9 culturelle amazighe au f\u00e9minin\u201d, et ce dans le plein respect des mesures de pr\u00e9vention en vigueur pour faire face \u00e0 la pand\u00e9mie de Covid-19.<\/p>\n","protected":false},"author":4,"featured_media":14429,"comment_status":"open","ping_status":"open","sticky":false,"template":"","format":"standard","meta":[],"categories":[26,31,24],"tags":[],"yst_prominent_words":[584,2454],"jetpack_featured_media_url":"https:\/\/le12.ma\/fr\/wp-content\/uploads\/2021\/03\/new_img_6519-504x300-504x300-1.jpg","_links":{"self":[{"href":"https:\/\/le12.ma\/fr\/wp-json\/wp\/v2\/posts\/14428"}],"collection":[{"href":"https:\/\/le12.ma\/fr\/wp-json\/wp\/v2\/posts"}],"about":[{"href":"https:\/\/le12.ma\/fr\/wp-json\/wp\/v2\/types\/post"}],"author":[{"embeddable":true,"href":"https:\/\/le12.ma\/fr\/wp-json\/wp\/v2\/users\/4"}],"replies":[{"embeddable":true,"href":"https:\/\/le12.ma\/fr\/wp-json\/wp\/v2\/comments?post=14428"}],"version-history":[{"count":1,"href":"https:\/\/le12.ma\/fr\/wp-json\/wp\/v2\/posts\/14428\/revisions"}],"predecessor-version":[{"id":14430,"href":"https:\/\/le12.ma\/fr\/wp-json\/wp\/v2\/posts\/14428\/revisions\/14430"}],"wp:featuredmedia":[{"embeddable":true,"href":"https:\/\/le12.ma\/fr\/wp-json\/wp\/v2\/media\/14429"}],"wp:attachment":[{"href":"https:\/\/le12.ma\/fr\/wp-json\/wp\/v2\/media?parent=14428"}],"wp:term":[{"taxonomy":"category","embeddable":true,"href":"https:\/\/le12.ma\/fr\/wp-json\/wp\/v2\/categories?post=14428"},{"taxonomy":"post_tag","embeddable":true,"href":"https:\/\/le12.ma\/fr\/wp-json\/wp\/v2\/tags?post=14428"},{"taxonomy":"yst_prominent_words","embeddable":true,"href":"https:\/\/le12.ma\/fr\/wp-json\/wp\/v2\/yst_prominent_words?post=14428"}],"curies":[{"name":"wp","href":"https:\/\/api.w.org\/{rel}","templated":true}]}}