{"id":14316,"date":"2021-03-07T10:38:32","date_gmt":"2021-03-07T09:38:32","guid":{"rendered":"https:\/\/le12.ma\/fr\/?p=14316"},"modified":"2021-03-07T10:38:32","modified_gmt":"2021-03-07T09:38:32","slug":"guelmim-oued-noun-la-reforme-de-lenseignement-tributaire-de-lappropriation-des-projets-strategiques-amzazi","status":"publish","type":"post","link":"https:\/\/le12.ma\/fr\/guelmim-oued-noun-la-reforme-de-lenseignement-tributaire-de-lappropriation-des-projets-strategiques-amzazi\/","title":{"rendered":"Guelmim-Oued Noun : La r\u00e9forme de l\u2019enseignement, tributaire de l\u2019appropriation des projets strat\u00e9giques (Amzazi)"},"content":{"rendered":"<p><span style=\"color: #ff0000;\"><strong>Guelmim \u2013 le12<\/strong><\/span><\/p>\n<p><strong>La r\u00e9ussite de la r\u00e9forme du syst\u00e8me d\u2019\u00e9ducation et de formation dans la r\u00e9gion de Guelmim-Oued Noun est tributaire de l\u2019appropriation des projets strat\u00e9giques et de la r\u00e9alisation de la compl\u00e9mentarit\u00e9 entre les projets de d\u00e9veloppement locaux et ceux pr\u00e9vus par la loi-cadre 51.17, a affirm\u00e9 le ministre de l\u2019Education, de la Formation professionnelle, de l\u2019Enseignement sup\u00e9rieur et de la Recherche scientifique, Saaid Amzazi.<\/strong><\/p>\n<p><strong>M. Amzazi, qui intervenait samedi \u00e0 Guelmim lors d\u2019une r\u00e9union de coordination r\u00e9gionale sur la mise en \u0153uvre de cette loi-cadre, a indiqu\u00e9 que ce chantier est un cadre contractuel pour la concr\u00e9tisation des objectifs de la r\u00e9forme du syst\u00e8me d\u2019\u00e9ducation et de formation et un aboutissement d\u2019une planification strat\u00e9gique qui a connu une acc\u00e9l\u00e9ration lors de la rentr\u00e9e scolaire actuelle.<\/strong><\/p>\n<p><strong>Il a ajout\u00e9 que ce processus est l\u2019\u00e9manation d\u2019une feuille de route \u00e9labor\u00e9e dans le cadre d\u2019un partenariat entre l\u2019administration centrale et les Acad\u00e9mies r\u00e9gionales de l\u2019\u00e9ducation et de la formation, les universit\u00e9s et les d\u00e9l\u00e9gations r\u00e9gionales de la formation professionnelle, mettant l\u2019accent sur les perspectives prometteuses qu\u2019offre la r\u00e9gionalisation avanc\u00e9e pour le renforcement de ce chantier.<\/strong><\/p>\n<p><strong>Le ministre s\u2019est f\u00e9licit\u00e9 des nouveaux projets structurants r\u00e9alis\u00e9s dans les provinces du Sud gr\u00e2ce au nouveau mod\u00e8le de d\u00e9veloppement lanc\u00e9 par SM le Roi Mohammed VI ayant permis la modernisation des infrastructures, l\u2019am\u00e9lioration des prestations sociales au profit de la population locale et la promotion de l\u2019\u00e9l\u00e9ment humain.<\/strong><\/p>\n<p><strong>Il s\u2019est \u00e9galement r\u00e9joui des d\u00e9veloppements positifs de la question du Sahara marocain et des succ\u00e8s diplomatiques enregistr\u00e9s sous le leadership de SM le Roi qui consacrent la reconnaissance internationale de la souverainet\u00e9 marocaine sur l\u2019ensemble de son Sahara et qui se sont traduits notamment par l\u2019ouverture de plusieurs consulats \u00e0 La\u00e2youne et Dakhla.<\/strong><\/p>\n<p><strong>De son c\u00f4t\u00e9, le ministre d\u00e9l\u00e9gu\u00e9 charg\u00e9 de l\u2019Enseignement sup\u00e9rieur et de la Recherche scientifique, Driss Ouaouicha a soulign\u00e9 l\u2019importance de la concertation et du partenariat avec les acteurs r\u00e9gionaux et qui ont abouti \u00e0 la r\u00e9alisation de quatre nouveaux projets universitaires dans la r\u00e9gion Guelmim-Oued Noun.<\/strong><\/p>\n<p><strong>Il s\u2019agit, a-t-il expliqu\u00e9, de la facult\u00e9 pluridisciplinaire \u00e0 Assa, l\u2019Ecole nationale de commerce et de gestion \u00e0 Guelmim, la facult\u00e9 des sciences, d\u2019\u00e9conomie et de gestion \u00e0 Guelmim et de l\u2019Ecole nationale des sciences appliqu\u00e9es \u00e0 Sidi Ifni.<\/strong><\/p>\n<p><strong>Le wali de la r\u00e9gion Guelmim-Oued Noun, Mohamed Najem Abhay a indiqu\u00e9 que la promulgation de la loi-cadre 51.17 est l\u2019aboutissement d\u2019un long processus visant \u00e0 moderniser le syst\u00e8me d\u2019\u00e9ducation et de formation, soulignant que les autorit\u00e9s et les \u00e9lus de la r\u00e9gion continueront leur mobilisation pour assurer le succ\u00e8s de ce chantier structurant et prioritaire pour l\u2019avenir de la nation.<\/strong><\/p>\n<p><strong>La pr\u00e9sidente de la r\u00e9gion Guelmim-Oued Noun, Mbarka Bouaida a exprim\u00e9 l\u2019implication de la r\u00e9gion depuis 2016 dans la mise en \u0153uvre du programme de d\u00e9veloppement int\u00e9gr\u00e9 de la r\u00e9gion, et dont le secteur de l\u2019\u00e9ducation et de la formation occupe une place de choix, \u00e0 travers une contribution de 172 millions de dhs \u00e0 l\u2019effort de modernisation et de r\u00e9forme de l\u2019\u00e9cole publique, ajoutant que le conseil a mis en place des partenariats pour le renforcement de l\u2019offre universitaire et la cr\u00e9ation d\u2018un p\u00f4le universitaire int\u00e9gr\u00e9 dans la r\u00e9gion.<\/strong><\/p>\n<p><strong>Une convention de partenariat a \u00e9t\u00e9 sign\u00e9 en marge de cette r\u00e9union entre le minist\u00e8re, l\u2019universit\u00e9 Ibn Zohr et le conseil de la r\u00e9gion pour la cr\u00e9ation d\u2019une Ecole sup\u00e9rieure de technologie \u00e0 Ouateya (province de Tan-Tan), pour un budget de 65 millions de dhs, dont une contribution de 20 millions de dhs du conseil r\u00e9gional.<\/strong><\/p>\n<p><strong>Une autre convention de partenariat a \u00e9t\u00e9 \u00e9galement sign\u00e9e \u00e0 cette occasion entre l\u2019Acad\u00e9mie r\u00e9gionale de l\u2019\u00e9ducation et de la formation de Guelmim-Oued Noun et l\u2019universit\u00e9 Ibn Zohr, pour l\u2019\u00e9laboration de programmes d\u2019\u00e9ducation et qualification, et l\u2019Institut fran\u00e7ais pour l\u2019organisation de sessions de formation en langue fran\u00e7aise au profit du personnel enseignant et l\u2019encouragement de la lecture chez les \u00e9l\u00e8ves.<\/strong><\/p>\n","protected":false},"excerpt":{"rendered":"<p>Guelmim \u2013 le12 La r\u00e9ussite de la r\u00e9forme du syst\u00e8me d\u2019\u00e9ducation et de formation dans la r\u00e9gion de Guelmim-Oued Noun est tributaire de l\u2019appropriation des projets strat\u00e9giques et de la r\u00e9alisation de la compl\u00e9mentarit\u00e9 entre les projets de d\u00e9veloppement locaux et ceux pr\u00e9vus par la loi-cadre 51.17, a affirm\u00e9 le ministre de l\u2019Education, de la [&hellip;]<\/p>\n","protected":false},"author":4,"featured_media":14317,"comment_status":"open","ping_status":"open","sticky":false,"template":"","format":"standard","meta":[],"categories":[26,31,24],"tags":[],"yst_prominent_words":[1124,966,4840,971,1936,967,1512,382],"jetpack_featured_media_url":"https:\/\/le12.ma\/fr\/wp-content\/uploads\/2021\/03\/IMG-20210307-WA0000.jpg","_links":{"self":[{"href":"https:\/\/le12.ma\/fr\/wp-json\/wp\/v2\/posts\/14316"}],"collection":[{"href":"https:\/\/le12.ma\/fr\/wp-json\/wp\/v2\/posts"}],"about":[{"href":"https:\/\/le12.ma\/fr\/wp-json\/wp\/v2\/types\/post"}],"author":[{"embeddable":true,"href":"https:\/\/le12.ma\/fr\/wp-json\/wp\/v2\/users\/4"}],"replies":[{"embeddable":true,"href":"https:\/\/le12.ma\/fr\/wp-json\/wp\/v2\/comments?post=14316"}],"version-history":[{"count":1,"href":"https:\/\/le12.ma\/fr\/wp-json\/wp\/v2\/posts\/14316\/revisions"}],"predecessor-version":[{"id":14318,"href":"https:\/\/le12.ma\/fr\/wp-json\/wp\/v2\/posts\/14316\/revisions\/14318"}],"wp:featuredmedia":[{"embeddable":true,"href":"https:\/\/le12.ma\/fr\/wp-json\/wp\/v2\/media\/14317"}],"wp:attachment":[{"href":"https:\/\/le12.ma\/fr\/wp-json\/wp\/v2\/media?parent=14316"}],"wp:term":[{"taxonomy":"category","embeddable":true,"href":"https:\/\/le12.ma\/fr\/wp-json\/wp\/v2\/categories?post=14316"},{"taxonomy":"post_tag","embeddable":true,"href":"https:\/\/le12.ma\/fr\/wp-json\/wp\/v2\/tags?post=14316"},{"taxonomy":"yst_prominent_words","embeddable":true,"href":"https:\/\/le12.ma\/fr\/wp-json\/wp\/v2\/yst_prominent_words?post=14316"}],"curies":[{"name":"wp","href":"https:\/\/api.w.org\/{rel}","templated":true}]}}