{"id":14192,"date":"2021-03-05T10:21:33","date_gmt":"2021-03-05T09:21:33","guid":{"rendered":"https:\/\/le12.ma\/fr\/?p=14192"},"modified":"2021-03-05T10:21:33","modified_gmt":"2021-03-05T09:21:33","slug":"marrakech-inauguration-de-lexposition-le-maroc-richesses-et-diversites-regards-sur-notre-patrimoine","status":"publish","type":"post","link":"https:\/\/le12.ma\/fr\/marrakech-inauguration-de-lexposition-le-maroc-richesses-et-diversites-regards-sur-notre-patrimoine\/","title":{"rendered":"Marrakech : Inauguration de l\u2019exposition \u201cLe Maroc : Richesses et Diversit\u00e9s, Regards sur notre patrimoine\u201d"},"content":{"rendered":"<p><span style=\"color: #ff0000;\"><strong>Marrakech \u2013 le12<\/strong><\/span><\/p>\n<p><strong>L\u2019inauguration de l\u2019exposition \u201cLe Maroc : Richesses et Diversit\u00e9s, Regards sur notre patrimoine\u201d, qui propose un parcours chronologique retra\u00e7ant 2.000 ans d\u2019histoire sur plusieurs sections th\u00e9matiques : le bronze, les bijoux, le patrimoine jud\u00e9o-marocain, la c\u00e9ramique et les arts de l\u2019Islam, a eu lieu jeudi au Mus\u00e9e des Confluences- Dar El Bacha \u00e0 Marrakech.<\/strong><br \/>\n<strong>La c\u00e9r\u00e9monie d\u2019inauguration de cette exposition, qui s\u2019est d\u00e9roul\u00e9e dans le respect strict du protocole sanitaire mis en \u0153uvre pour enrayer la propagation de la pand\u00e9mie du nouveau coronavirus (Covid-19), a \u00e9t\u00e9 rehauss\u00e9e par la pr\u00e9sence du Wali de la r\u00e9gion Marrakech-Safi, gouverneur de la pr\u00e9fecture de Marrakech, M. Karim Kassi-Lahlou, du Pr\u00e9sident de la Fondation Nationale des Mus\u00e9es (FNM), M. Mehdi Qotbi, ainsi que d\u2019autres personnalit\u00e9s.<\/strong><br \/>\n<strong>\u201cAujourd\u2019hui, la Fondation Nationale des Mus\u00e9es est en train de contribuer \u00e0 montrer la beaut\u00e9 et l\u2019histoire du Maroc, ainsi qu\u2019\u00e0 partager notre patrimoine avec les Marocains et tous les peuples du monde\u201d, a soulign\u00e9 M. Qotbi dans une d\u00e9claration \u00e0 la presse en marge de cette c\u00e9r\u00e9monie.<\/strong><br \/>\n<strong>\u201cNous ne baissons pas les bras \u00e0 cause de la pand\u00e9mie tout en respectant les mesures sanitaires en vigueur, dont le port des masques de protection, la distanciation physique et le respect scrupuleux des r\u00e8gles d\u2019hygi\u00e8ne\u201d, a relev\u00e9 le Pr\u00e9sident de la FNM, r\u00e9affirmant sa conviction qu\u2019un \u201crenouveau sera au rendez-vous apr\u00e8s la pand\u00e9mie et passera immanquablement par la culture\u201d.<\/strong><br \/>\n<strong>Dans ce sens, il a annonc\u00e9 l\u2019ouverture le 16 mars courant d\u2019un nouveau mus\u00e9e dans la Villa Harris \u00e0 Tanger avec la collection d\u2019un Marocain, qui a fait don de presque 200 \u0153uvres \u00e0 la FNM.<\/strong><br \/>\n<strong>\u201cCela prouve la confiance que les Marocains font \u00e0 la politique choisie par SM le Roi Mohammed VI, celle pr\u00f4nant le d\u00e9veloppement par la culture\u201d, a-t-il enchain\u00e9.<\/strong><br \/>\n<strong>Au d\u00e9but de cette immersion au c\u0153ur de l\u2019histoire mill\u00e9naire du Royaume, le visiteur d\u00e9couvre une des plus belles collections de bronze romain au Monde. Dans la section \u201cBronze\u201d, qui donne un aper\u00e7u sur l\u2019\u00e9poque antique o\u00f9, on prend la mesure de toute la richesse et la diversit\u00e9 du pays.<\/strong><br \/>\n<strong>\u201cL\u2019art de la bijouterie\u201d offre une synth\u00e8se de plusieurs savoir-faire riches et diversifi\u00e9s. La collection ethnographique de bijoux expos\u00e9e, qui remonte majoritairement au XIXe si\u00e8cle, comprend des bijoux ruraux et citadins avec des vari\u00e9t\u00e9s dues \u00e0 des particularit\u00e9s locales et r\u00e9gionales.<\/strong><br \/>\n<strong>Dans \u201cles Regards sur le patrimoine jud\u00e9o-marocain\u201d, cette section permet au public de d\u00e9couvrir tout un pan de l\u2019histoire du juda\u00efsme au Maroc et ses traditions qui font partie int\u00e9grante de notre culture et qui confirment la singularit\u00e9 du Royaume, terre d\u2019accueil et de tol\u00e9rance.<\/strong><br \/>\n<strong>Dans une transition culturelle et cultuelle, \u201cLa C\u00e9ramique de F\u00e8s\u201d offre un aper\u00e7u sur une art qui a constitu\u00e9 une source d\u2019inspiration et de fascination pour les peintres europ\u00e9ens du XIXe et du d\u00e9but du XXe.<\/strong><br \/>\n<strong>Pour terminer en beaut\u00e9 ce voyage culturo- historique, le visiteur d\u00e9couvre \u201cLes arts de l\u2019Islam\u201d, principalement li\u00e9s aux diff\u00e9rentes dynasties islamiques qui ont r\u00e9gn\u00e9 sur le Maroc (Idrisside, Almoravide, Almohade, M\u00e9rinide, Wattasside, Saadienne et Alaouite), et qui ont influenc\u00e9 l\u2019ornementation des \u00e9difices et des objets religieux.<\/strong><br \/>\n<strong>Par cette exposition qui regroupe, pour la premi\u00e8re fois, les chefs-d\u2019\u0153uvre de tous les mus\u00e9es dans un seul et m\u00eame endroit \u00e0 savoir : le Mus\u00e9e des Confluences\u2013 Dar El Bacha s\u2019affirme, plus que jamais, comme un lieu de dialogue et de partage.<\/strong><br \/>\n<strong>Au c\u0153ur de la m\u00e9dina de Marrakech, ville au carrefour des cultures berb\u00e8re, juive, arabo-andalouse, et saharienne, le Mus\u00e9e des Confluences- Dar El Bacha, ancienne demeure seigneuriale construite au si\u00e8cle dernier, abrite ainsi des collections t\u00e9moignant de la richesse patrimoniale mill\u00e9naire du Royaume.<\/strong><br \/>\n<strong>Parcourir Dar El Bacha, v\u00e9ritable bijou architectural, c\u2019est voyager \u00e0 travers des murs charg\u00e9s d\u2019histoire qui conservent des savoir-faire et des traditions ancestrales marocaines et des inspirations d\u2019ailleurs.<\/strong><br \/>\n<strong>Le riad, aux colonnes couvertes de zelliges, aux portes bois\u00e9es et aux plafonds d\u2019un raffinement in\u00e9gal\u00e9, s\u2019ouvre sur un jardin arabe aux senteurs m\u00e9diterran\u00e9ennes.<\/strong><br \/>\n<strong>A lui seul, le mus\u00e9e, avec ses six pi\u00e8ces et ses d\u00e9pendances, constitue une porte d\u2019entr\u00e9e vers les diff\u00e9rentes cultures qui ont forg\u00e9 l\u2019identit\u00e9 du Maroc.<\/strong><\/p>\n","protected":false},"excerpt":{"rendered":"<p>Marrakech \u2013 le12 L\u2019inauguration de l\u2019exposition \u201cLe Maroc : Richesses et Diversit\u00e9s, Regards sur notre patrimoine\u201d, qui propose un parcours chronologique retra\u00e7ant 2.000 ans d\u2019histoire sur plusieurs sections th\u00e9matiques : le bronze, les bijoux, le patrimoine jud\u00e9o-marocain, la c\u00e9ramique et les arts de l\u2019Islam, a eu lieu jeudi au Mus\u00e9e des Confluences- Dar El Bacha [&hellip;]<\/p>\n","protected":false},"author":4,"featured_media":14193,"comment_status":"open","ping_status":"open","sticky":false,"template":"","format":"standard","meta":[],"categories":[26,31],"tags":[],"yst_prominent_words":[1456,1453,69,3058,1459,1104,255],"jetpack_featured_media_url":"https:\/\/le12.ma\/fr\/wp-content\/uploads\/2021\/03\/BA6A7306-1.jpg","_links":{"self":[{"href":"https:\/\/le12.ma\/fr\/wp-json\/wp\/v2\/posts\/14192"}],"collection":[{"href":"https:\/\/le12.ma\/fr\/wp-json\/wp\/v2\/posts"}],"about":[{"href":"https:\/\/le12.ma\/fr\/wp-json\/wp\/v2\/types\/post"}],"author":[{"embeddable":true,"href":"https:\/\/le12.ma\/fr\/wp-json\/wp\/v2\/users\/4"}],"replies":[{"embeddable":true,"href":"https:\/\/le12.ma\/fr\/wp-json\/wp\/v2\/comments?post=14192"}],"version-history":[{"count":1,"href":"https:\/\/le12.ma\/fr\/wp-json\/wp\/v2\/posts\/14192\/revisions"}],"predecessor-version":[{"id":14194,"href":"https:\/\/le12.ma\/fr\/wp-json\/wp\/v2\/posts\/14192\/revisions\/14194"}],"wp:featuredmedia":[{"embeddable":true,"href":"https:\/\/le12.ma\/fr\/wp-json\/wp\/v2\/media\/14193"}],"wp:attachment":[{"href":"https:\/\/le12.ma\/fr\/wp-json\/wp\/v2\/media?parent=14192"}],"wp:term":[{"taxonomy":"category","embeddable":true,"href":"https:\/\/le12.ma\/fr\/wp-json\/wp\/v2\/categories?post=14192"},{"taxonomy":"post_tag","embeddable":true,"href":"https:\/\/le12.ma\/fr\/wp-json\/wp\/v2\/tags?post=14192"},{"taxonomy":"yst_prominent_words","embeddable":true,"href":"https:\/\/le12.ma\/fr\/wp-json\/wp\/v2\/yst_prominent_words?post=14192"}],"curies":[{"name":"wp","href":"https:\/\/api.w.org\/{rel}","templated":true}]}}