{"id":1417,"date":"2020-08-13T18:17:45","date_gmt":"2020-08-13T17:17:45","guid":{"rendered":"https:\/\/le12.ma\/fr\/?p=1417"},"modified":"2020-08-13T18:19:23","modified_gmt":"2020-08-13T17:19:23","slug":"les-champions-marocains-du-special-olympics-challengent-leurs-rivaux-mexicains-de-lamerique-du-sud","status":"publish","type":"post","link":"https:\/\/le12.ma\/fr\/les-champions-marocains-du-special-olympics-challengent-leurs-rivaux-mexicains-de-lamerique-du-sud\/","title":{"rendered":"Les champions marocains du Special Olympics challengent leurs rivaux mexicains de l\u2019Am\u00e9rique du Sud"},"content":{"rendered":"<p class=\"p1\"><strong><span style=\"-webkit-text-size-adjust: 100%;\">\u00a0<\/span><\/strong><\/p>\n<p class=\"p1\"><strong><span class=\"s2\">Rabat: le12_ma\/Fr<\/span><\/strong><\/p>\n<p class=\"p1\"><strong><span class=\"s2\">Consid\u00e9r\u00e9 comme une premi\u00e8re dans l\u2019histoire des Special Olympics, la plus grande comp\u00e9tition artistique virtuelle dans les sports unifi\u00e9s aura lieu le jeudi 13 Ao\u00fbt 2020.<\/span><\/strong><\/p>\n<p class=\"p1\"><strong><span class=\"s2\">Cette comp\u00e9tition verra la participation du Special Olympics Maroc, repr\u00e9sentant la r\u00e9gion du Moyen Orient et de l\u2019Afrique du Nord, ainsi que le Special Olympics Mexique, repr\u00e9sentant la r\u00e9gion de l\u2019Am\u00e9rique du Sud.<\/span><\/strong><\/p>\n<p class=\"p1\"><strong><span class=\"s2\">Les d\u00e9tails seront d\u00e9voil\u00e9s sur les pages facebook officielles des deux \u00e9quipes\u00a0:<\/span><\/strong><\/p>\n<p class=\"p1\"><strong><span class=\"s3\"><a href=\"https:\/\/www.facebook.com\/SpecialOlympicsMaroc\">https:\/\/www.facebook.com\/SpecialOlympicsMaroc<\/a><\/span><\/strong><\/p>\n<p class=\"p1\"><strong><span class=\"s3\"><a href=\"https:\/\/www.facebook.com\/SpecialOlympicsMexico\">https:\/\/www.facebook.com\/SpecialOlympicsMexico<\/a><br \/>\n<\/span><\/strong><\/p>\n<p>&nbsp;<\/p>\n<p class=\"p1\"><strong><span class=\"s2\"><img decoding=\"async\" loading=\"lazy\" class=\"alignnone size-full wp-image-1421\" src=\"https:\/\/le12.ma\/fr\/wp-content\/uploads\/2020\/08\/C7EA5A62-9F71-47F5-990F-9122A6D86976.jpeg\" alt=\"\" width=\"500\" height=\"500\" srcset=\"https:\/\/le12.ma\/fr\/wp-content\/uploads\/2020\/08\/C7EA5A62-9F71-47F5-990F-9122A6D86976.jpeg 500w, https:\/\/le12.ma\/fr\/wp-content\/uploads\/2020\/08\/C7EA5A62-9F71-47F5-990F-9122A6D86976-300x300.jpeg 300w, https:\/\/le12.ma\/fr\/wp-content\/uploads\/2020\/08\/C7EA5A62-9F71-47F5-990F-9122A6D86976-150x150.jpeg 150w\" sizes=\"(max-width: 500px) 100vw, 500px\" \/><br \/>\nParmi les 6 millions de joueurs et joueuses, repr\u00e9sentant 192 pays et pratiquant environ 30 discipline sportive olympique, les sports unifi\u00e9s connaissent la participation d\u2019un million et demi des repr\u00e9sentants du Special Olympics \u00e0 travers le monde. Ces jeunes repr\u00e9sentent les \u00e9quipes des sports unifi\u00e9s des \u00e9coles qui s\u2019inscrivent dans le projet \u00ab\u00a0Apprenons ensemble et jouons ensemble\u00a0\u00bb et qui repr\u00e9sente un pas important dans l\u2019int\u00e9gration d\u2019autrui dans les \u00e9tablissements.<\/span><\/strong><\/p>\n<p class=\"p1\"><strong><span class=\"s2\">Cet \u00e9v\u00e9nement vise \u00e0 briser les fronti\u00e8res, \u00e0 combler les distances, et \u00e0 \u00e9changer les exp\u00e9riences dans le cadre des objectifs des Special Olympics, d&rsquo;autant plus que ce programme vise les jeunes dans les \u00e9coles, qui font partie de notre pr\u00e9sent et de notre avenir.<\/span><\/strong><\/p>\n<p class=\"p1\"><strong><span class=\"s2\">Cette participation au Special Olympics attirera encore plus de jeunes champions, qui sont de plus de 200 millions \u00e0 travers le monde, \u00e0 adh\u00e9rer \u00e0 ce projet.<\/span><\/strong><\/p>\n<p class=\"p1\"><strong><span class=\"s2\">Cette journ\u00e9e sera sous forme d\u2019une comp\u00e9tition pour montrer les talents artistiques des athl\u00e8tes, et elle comprendra une comp\u00e9tition artistique entre 5 \u00e9quipes unifi\u00e9es de chaque programme.<\/span><\/strong><\/p>\n<p class=\"p1\"><strong><span class=\"s2\">Chaque \u00e9quipe est compos\u00e9e de deux \u00e9tudiants dont l\u2019un d\u2019eux est en situation d\u2019handicap, et ils concourront dans 5 branches qui sont le chant, la danse, la po\u00e9sie, la musique et la peinture.<\/span><\/strong><\/p>\n<p class=\"p1\"><strong><span class=\"s2\">Les \u00e9quipes participant \u00e0 cet \u00e9v\u00e9nement sont des \u00e9tudiants adh\u00e9rant au programme \u00ab\u00a0\u00c9coles Unifi\u00e9es\u00a0\u00bb dans le cadre du projet SNF de la Fondation Stavros Niarchos.<\/span><\/strong><\/p>\n<p class=\"p1\"><strong><span class=\"s2\">Le jury sera compos\u00e9 de 3 juges, un de chaque pays (Maroc et Mexique) et un arbitre du Special Olympics monde.\u00a0<\/span><\/strong><\/p>\n<p class=\"p1\"><strong><span class=\"s2\">La s\u00e9lection des cinq branches techniques a pris en compte la coop\u00e9ration conjointe entre les joueurs, afin qu&rsquo;ils participent ensemble aux r\u00e9ponses tout en restant comp\u00e9titifs.<\/span><\/strong><\/p>\n<p class=\"p1\"><strong><span class=\"s2\">La comp\u00e9tition vise en premier lieu l\u2019int\u00e9gration dans les sept r\u00e9gions du monde qui composent les Special Olympics.<\/span><\/strong><\/p>\n<p class=\"p1\"><strong><span class=\"s2\">Depuis sa cr\u00e9ation en 1994 par <\/span><span class=\"s1\">Feue Son Altesse Royale la Princesse Lalla Amina<\/span><span class=\"s2\">, le Special Olympics Maroc a pris l&rsquo;initiative d&rsquo;organiser les Jeux Nationaux tous les deux ans, et qui sont devenus une station importante dans les programmes propos\u00e9s\u00a0\u00e0 ses athl\u00e8tes, ce qui le qualifie pour \u00eatre l&rsquo;un des programmes mod\u00e8les de la r\u00e9gion, mais aussi au niveau mondial.<\/span><\/strong><\/p>\n<p class=\"p1\"><strong><span class=\"s2\">\u00a0<\/span><\/strong><\/p>\n","protected":false},"excerpt":{"rendered":"<p>\u00a0 Rabat: le12_ma\/Fr Consid\u00e9r\u00e9 comme une premi\u00e8re dans l\u2019histoire des Special Olympics, la plus grande comp\u00e9tition artistique virtuelle dans les sports unifi\u00e9s aura lieu le jeudi 13 Ao\u00fbt 2020. Cette comp\u00e9tition verra la participation du Special Olympics Maroc, repr\u00e9sentant la r\u00e9gion du Moyen Orient et de l\u2019Afrique du Nord, ainsi que le Special Olympics Mexique, [&hellip;]<\/p>\n","protected":false},"author":2,"featured_media":1418,"comment_status":"open","ping_status":"open","sticky":false,"template":"","format":"standard","meta":[],"categories":[31,27],"tags":[],"yst_prominent_words":[458,4470,4475,4173,1957,69,3059,4469,4471,4473,2440,967,4474,4468,785,4464,4465,3989,4466,4472],"jetpack_featured_media_url":"https:\/\/le12.ma\/fr\/wp-content\/uploads\/2020\/08\/55004A1B-1486-476C-99E5-F6EE5FD6D324.jpeg","_links":{"self":[{"href":"https:\/\/le12.ma\/fr\/wp-json\/wp\/v2\/posts\/1417"}],"collection":[{"href":"https:\/\/le12.ma\/fr\/wp-json\/wp\/v2\/posts"}],"about":[{"href":"https:\/\/le12.ma\/fr\/wp-json\/wp\/v2\/types\/post"}],"author":[{"embeddable":true,"href":"https:\/\/le12.ma\/fr\/wp-json\/wp\/v2\/users\/2"}],"replies":[{"embeddable":true,"href":"https:\/\/le12.ma\/fr\/wp-json\/wp\/v2\/comments?post=1417"}],"version-history":[{"count":3,"href":"https:\/\/le12.ma\/fr\/wp-json\/wp\/v2\/posts\/1417\/revisions"}],"predecessor-version":[{"id":1423,"href":"https:\/\/le12.ma\/fr\/wp-json\/wp\/v2\/posts\/1417\/revisions\/1423"}],"wp:featuredmedia":[{"embeddable":true,"href":"https:\/\/le12.ma\/fr\/wp-json\/wp\/v2\/media\/1418"}],"wp:attachment":[{"href":"https:\/\/le12.ma\/fr\/wp-json\/wp\/v2\/media?parent=1417"}],"wp:term":[{"taxonomy":"category","embeddable":true,"href":"https:\/\/le12.ma\/fr\/wp-json\/wp\/v2\/categories?post=1417"},{"taxonomy":"post_tag","embeddable":true,"href":"https:\/\/le12.ma\/fr\/wp-json\/wp\/v2\/tags?post=1417"},{"taxonomy":"yst_prominent_words","embeddable":true,"href":"https:\/\/le12.ma\/fr\/wp-json\/wp\/v2\/yst_prominent_words?post=1417"}],"curies":[{"name":"wp","href":"https:\/\/api.w.org\/{rel}","templated":true}]}}