{"id":14007,"date":"2021-03-02T17:30:31","date_gmt":"2021-03-02T16:30:31","guid":{"rendered":"https:\/\/le12.ma\/fr\/?p=14007"},"modified":"2021-03-02T17:06:08","modified_gmt":"2021-03-02T16:06:08","slug":"trois-films-du-maroc-et-de-syrie-remportent-les-prix-du-festival-du-cinema-de-oued-noun","status":"publish","type":"post","link":"https:\/\/le12.ma\/fr\/trois-films-du-maroc-et-de-syrie-remportent-les-prix-du-festival-du-cinema-de-oued-noun\/","title":{"rendered":"Trois films du Maroc et de Syrie remportent les Prix du festival du cin\u00e9ma de Oued-Noun"},"content":{"rendered":"<p><span style=\"color: #ff0000;\"><strong>Guelmim \u2013 le12<\/strong><\/span><\/p>\n<p><strong>Trois films du Maroc et de Syrie ont remport\u00e9 les Prix du festival du cin\u00e9ma de Oued-Noun, dont la 9\u00e8me \u00e9dition a pris fin dimanche soir.<\/strong><br \/>\n<strong>Ainsi, le prix du meilleur court-m\u00e9trage international est revenu au film syrien \u201cAzzyara\u201d (visite) du r\u00e9alisateur Amrou Ali, alors que le Prix du meilleur court-m\u00e9trage documentaire a \u00e9t\u00e9 d\u00e9cern\u00e9 au film Icarus de Sanaa El Alaoui (Maroc-Hongrie).<\/strong><br \/>\n<strong>Le Prix national du court-m\u00e9trage a \u00e9t\u00e9 attribu\u00e9 au film The Last wave de Mustapha Farmati.<\/strong><br \/>\n<strong>Le jury de ce festival, organis\u00e9 en ligne du 26 au 28 f\u00e9vrier par l\u2019association des jeunes cr\u00e9ateurs de Guelmim, a \u00e9t\u00e9 pr\u00e9sid\u00e9 par la r\u00e9alisatrice et actrice fran\u00e7aise Laurine Bauby, et comprend comme membres l\u2019actrice et r\u00e9alisatrice Latefa Ahrar et le chercheur en cin\u00e9ma et universitaire tunisien Wassim Korbi.<\/strong><br \/>\n<strong>Au cours de la s\u00e9ance d\u2019ouverture, un hommage a \u00e9t\u00e9 rendu au r\u00e9alisateur et sc\u00e9nariste marocain Hakim Kbabi, pour ses contributions distingu\u00e9es dans le domaine cin\u00e9matographique.<\/strong><br \/>\n<strong>Le programme de ce 9\u00e8me festival comprenait outre la comp\u00e9tition officielle des courts-m\u00e9trages, plusieurs activit\u00e9s riches et diversifi\u00e9es dont une conf\u00e9rence sur \u201cla relation entre le cin\u00e9ma et le d\u00e9veloppement\u201d, des ateliers de formation aux techniques du cin\u00e9ma et un concours de photos.<\/strong><br \/>\n<strong>Le festival du cin\u00e9ma de Oued Noun est un important \u00e9v\u00e8nement culturel de cette r\u00e9gion saharienne, qui a pour ambition de mettre en valeur le r\u00f4le de la culture et des arts dans l\u2019\u00e9mancipation des jeunes, \u00e0 travers leur formation aux m\u00e9tiers du cin\u00e9ma, et leur ouverture sur des exp\u00e9riences issues d\u2019ailleurs.<\/strong><\/p>\n","protected":false},"excerpt":{"rendered":"<p>Guelmim \u2013 le12 Trois films du Maroc et de Syrie ont remport\u00e9 les Prix du festival du cin\u00e9ma de Oued-Noun, dont la 9\u00e8me \u00e9dition a pris fin dimanche soir. Ainsi, le prix du meilleur court-m\u00e9trage international est revenu au film syrien \u201cAzzyara\u201d (visite) du r\u00e9alisateur Amrou Ali, alors que le Prix du meilleur court-m\u00e9trage documentaire [&hellip;]<\/p>\n","protected":false},"author":4,"featured_media":14008,"comment_status":"open","ping_status":"open","sticky":false,"template":"","format":"standard","meta":[],"categories":[26,31],"tags":[],"yst_prominent_words":[1000,457,1124,1664,1957,3369],"jetpack_featured_media_url":"https:\/\/le12.ma\/fr\/wp-content\/uploads\/2021\/03\/film-visite1-copier-504x300-504x300-1.jpg","_links":{"self":[{"href":"https:\/\/le12.ma\/fr\/wp-json\/wp\/v2\/posts\/14007"}],"collection":[{"href":"https:\/\/le12.ma\/fr\/wp-json\/wp\/v2\/posts"}],"about":[{"href":"https:\/\/le12.ma\/fr\/wp-json\/wp\/v2\/types\/post"}],"author":[{"embeddable":true,"href":"https:\/\/le12.ma\/fr\/wp-json\/wp\/v2\/users\/4"}],"replies":[{"embeddable":true,"href":"https:\/\/le12.ma\/fr\/wp-json\/wp\/v2\/comments?post=14007"}],"version-history":[{"count":1,"href":"https:\/\/le12.ma\/fr\/wp-json\/wp\/v2\/posts\/14007\/revisions"}],"predecessor-version":[{"id":14009,"href":"https:\/\/le12.ma\/fr\/wp-json\/wp\/v2\/posts\/14007\/revisions\/14009"}],"wp:featuredmedia":[{"embeddable":true,"href":"https:\/\/le12.ma\/fr\/wp-json\/wp\/v2\/media\/14008"}],"wp:attachment":[{"href":"https:\/\/le12.ma\/fr\/wp-json\/wp\/v2\/media?parent=14007"}],"wp:term":[{"taxonomy":"category","embeddable":true,"href":"https:\/\/le12.ma\/fr\/wp-json\/wp\/v2\/categories?post=14007"},{"taxonomy":"post_tag","embeddable":true,"href":"https:\/\/le12.ma\/fr\/wp-json\/wp\/v2\/tags?post=14007"},{"taxonomy":"yst_prominent_words","embeddable":true,"href":"https:\/\/le12.ma\/fr\/wp-json\/wp\/v2\/yst_prominent_words?post=14007"}],"curies":[{"name":"wp","href":"https:\/\/api.w.org\/{rel}","templated":true}]}}