{"id":13897,"date":"2021-03-01T14:20:32","date_gmt":"2021-03-01T13:20:32","guid":{"rendered":"https:\/\/le12.ma\/fr\/?p=13897"},"modified":"2021-03-01T14:20:32","modified_gmt":"2021-03-01T13:20:32","slug":"visa-for-music-2021-du-17-au-20-novembre-a-rabat","status":"publish","type":"post","link":"https:\/\/le12.ma\/fr\/visa-for-music-2021-du-17-au-20-novembre-a-rabat\/","title":{"rendered":"Visa For Music 2021 du 17 au 20 novembre \u00e0 Rabat"},"content":{"rendered":"<p><span style=\"color: #ff0000;\"><strong>Rabat \u2013 le12<\/strong><\/span><\/p>\n<p><strong>La 8\u00e8me \u00e9dition du premier festival et march\u00e9 professionnel des musiques d\u2019Afrique et du Moyen-Orient, \u201cVisa For Music\u201d, se tiendra du 17 au 20 novembre 2021 \u00e0 Rabat.<\/strong><br \/>\n<strong>Selon un communiqu\u00e9 des organisateurs, l\u2019appel \u00e0 candidatures est d\u00e9sormais ouvert pour les artistes souhaitant participer \u00e0 cette nouvelle \u00e9dition, qui sont appel\u00e9s \u00e0 remplir le formulaire de candidature en ligne sur le site web de Visa For Music tout en sachant que la date limite de soumission des candidatures est fix\u00e9e au 15 avril 2021.<\/strong><br \/>\n<strong>\u201cN\u00e9 du paradoxe du formidable dynamisme de la cr\u00e9ation artistique en Afrique et au Moyen-Orient d\u2019un c\u00f4t\u00e9, et de l\u2019absence de visibilit\u00e9 de ses artistes de l\u2019autre, Visa For Music s\u2019est donn\u00e9 pour mission de leur offrir une tribune d\u2019expression\u201d, souligne le communiqu\u00e9, notant que ce festival constitue aujourd\u2019hui une incroyable plateforme qui favorise les opportunit\u00e9s de rencontres et contribue \u00e0 donner la visibilit\u00e9 et la place qu\u2019ils m\u00e9ritent aux artistes d\u2019Afrique et du Moyen-Orient.<\/strong><br \/>\n<strong>\u201cPartageant les valeurs du th\u00e8me \u201cArts, culture et patrimoine: un levier pour construire l\u2019Afrique que nous voulons\u201d, choisi par l\u2019Union africaine pour cette ann\u00e9e 2021, la 8\u00e8me \u00e9dition de Visa for Music prendra une forme hybride. Forte des exp\u00e9riences live de ses \u00e9ditions depuis 2014 et du format int\u00e9gralement digital de 2020, l\u2019\u00e9dition 2021 de Visa for Music proposera une exp\u00e9rience in\u00e9dite, m\u00e9langeant concerts live et sessions digitales\u201d, expliquent les organisateurs.<\/strong><br \/>\n<strong>R\u00e9siliente face au contexte sanitaire actuel, cette 8\u00e8me \u00e9dition se fera le porte \u00e9tendard du renouvellement des priorit\u00e9s et orientations du domaine culturel de demain en Afrique et au Moyen-Orient.<\/strong><br \/>\n<strong>Cette manifestation culturelle ambitionne cette ann\u00e9e de confirmer encore une fois son r\u00f4le de rendez-vous incontournable pour les artistes et les professionnels de la fili\u00e8re musicale venus du monde entier : agents, maisons de disque, programmateurs, institutions culturelles et fondations, m\u00e9dias et formateurs, etc.<\/strong><br \/>\n<strong>Cette ann\u00e9e, poursuit la m\u00eame source, une trentaine d\u2019artistes et groupes d\u2019Afrique et du Moyen-Orient seront s\u00e9lectionn\u00e9s par un jury compos\u00e9 de personnalit\u00e9s de la culture et du monde de la musique<\/strong><\/p>\n","protected":false},"excerpt":{"rendered":"<p>Rabat \u2013 le12 La 8\u00e8me \u00e9dition du premier festival et march\u00e9 professionnel des musiques d\u2019Afrique et du Moyen-Orient, \u201cVisa For Music\u201d, se tiendra du 17 au 20 novembre 2021 \u00e0 Rabat. Selon un communiqu\u00e9 des organisateurs, l\u2019appel \u00e0 candidatures est d\u00e9sormais ouvert pour les artistes souhaitant participer \u00e0 cette nouvelle \u00e9dition, qui sont appel\u00e9s \u00e0 [&hellip;]<\/p>\n","protected":false},"author":4,"featured_media":13898,"comment_status":"open","ping_status":"open","sticky":false,"template":"","format":"standard","meta":[],"categories":[26,31],"tags":[],"yst_prominent_words":[4183,145,5571,257,457,299],"jetpack_featured_media_url":"https:\/\/le12.ma\/fr\/wp-content\/uploads\/2021\/03\/visa-for-music.jpg","_links":{"self":[{"href":"https:\/\/le12.ma\/fr\/wp-json\/wp\/v2\/posts\/13897"}],"collection":[{"href":"https:\/\/le12.ma\/fr\/wp-json\/wp\/v2\/posts"}],"about":[{"href":"https:\/\/le12.ma\/fr\/wp-json\/wp\/v2\/types\/post"}],"author":[{"embeddable":true,"href":"https:\/\/le12.ma\/fr\/wp-json\/wp\/v2\/users\/4"}],"replies":[{"embeddable":true,"href":"https:\/\/le12.ma\/fr\/wp-json\/wp\/v2\/comments?post=13897"}],"version-history":[{"count":1,"href":"https:\/\/le12.ma\/fr\/wp-json\/wp\/v2\/posts\/13897\/revisions"}],"predecessor-version":[{"id":13899,"href":"https:\/\/le12.ma\/fr\/wp-json\/wp\/v2\/posts\/13897\/revisions\/13899"}],"wp:featuredmedia":[{"embeddable":true,"href":"https:\/\/le12.ma\/fr\/wp-json\/wp\/v2\/media\/13898"}],"wp:attachment":[{"href":"https:\/\/le12.ma\/fr\/wp-json\/wp\/v2\/media?parent=13897"}],"wp:term":[{"taxonomy":"category","embeddable":true,"href":"https:\/\/le12.ma\/fr\/wp-json\/wp\/v2\/categories?post=13897"},{"taxonomy":"post_tag","embeddable":true,"href":"https:\/\/le12.ma\/fr\/wp-json\/wp\/v2\/tags?post=13897"},{"taxonomy":"yst_prominent_words","embeddable":true,"href":"https:\/\/le12.ma\/fr\/wp-json\/wp\/v2\/yst_prominent_words?post=13897"}],"curies":[{"name":"wp","href":"https:\/\/api.w.org\/{rel}","templated":true}]}}