{"id":13790,"date":"2021-02-26T15:44:24","date_gmt":"2021-02-26T14:44:24","guid":{"rendered":"https:\/\/le12.ma\/fr\/?p=13790"},"modified":"2021-02-26T15:44:24","modified_gmt":"2021-02-26T14:44:24","slug":"plus-de-25-000-pieces-archeologiques-restituees-seront-mises-a-la-disposition-des-etudiants-et-du-grand-public","status":"publish","type":"post","link":"https:\/\/le12.ma\/fr\/plus-de-25-000-pieces-archeologiques-restituees-seront-mises-a-la-disposition-des-etudiants-et-du-grand-public\/","title":{"rendered":"Plus de 25.000 pi\u00e8ces arch\u00e9ologiques restitu\u00e9es seront mises \u00e0 la disposition des \u00e9tudiants et du grand public"},"content":{"rendered":"<p><span style=\"color: #ff0000;\"><strong>Rabat \u2013le12<\/strong><\/span><\/p>\n<p><strong> Plus de 25.000 pi\u00e8ces arch\u00e9ologiques, qui ont \u00e9t\u00e9 saisies en France en 2005 et 2006 au cours de trois contr\u00f4les douaniers et restitu\u00e9es au Maroc, seront mises \u00e0 la disposition des \u00e9tudiants, du monde acad\u00e9mique et du grand public, a indiqu\u00e9 vendredi \u00e0 Rabat le ministre de la Culture, de la Jeunesse et des Sports, Othman El Ferdaous.<\/strong><br \/>\n<strong>\u201cToutes ces pi\u00e8ces arch\u00e9ologiques, patrimoniales et g\u00e9ologiques ont d\u2019abord pour vocation d\u2019\u00eatre \u00e0 la disposition des \u00e9tudiants marocains, notamment ceux de l\u2019Institut national des sciences de l\u2019arch\u00e9ologie et du patrimoine (INSAP), du monde acad\u00e9mique, des chercheurs et du grand public\u201d, a-t-il soulign\u00e9 lors de la c\u00e9r\u00e9monie de pr\u00e9sentation de la collection patrimoniale rapatri\u00e9e au Maroc.<\/strong><\/p>\n","protected":false},"excerpt":{"rendered":"<p>Rabat \u2013le12 Plus de 25.000 pi\u00e8ces arch\u00e9ologiques, qui ont \u00e9t\u00e9 saisies en France en 2005 et 2006 au cours de trois contr\u00f4les douaniers et restitu\u00e9es au Maroc, seront mises \u00e0 la disposition des \u00e9tudiants, du monde acad\u00e9mique et du grand public, a indiqu\u00e9 vendredi \u00e0 Rabat le ministre de la Culture, de la Jeunesse et [&hellip;]<\/p>\n","protected":false},"author":4,"featured_media":11730,"comment_status":"open","ping_status":"open","sticky":false,"template":"","format":"standard","meta":[],"categories":[26,31],"tags":[],"yst_prominent_words":[340,2216,69,3059,1368,299],"jetpack_featured_media_url":"https:\/\/le12.ma\/fr\/wp-content\/uploads\/2021\/01\/el-ferdaous-MAP.jpg","_links":{"self":[{"href":"https:\/\/le12.ma\/fr\/wp-json\/wp\/v2\/posts\/13790"}],"collection":[{"href":"https:\/\/le12.ma\/fr\/wp-json\/wp\/v2\/posts"}],"about":[{"href":"https:\/\/le12.ma\/fr\/wp-json\/wp\/v2\/types\/post"}],"author":[{"embeddable":true,"href":"https:\/\/le12.ma\/fr\/wp-json\/wp\/v2\/users\/4"}],"replies":[{"embeddable":true,"href":"https:\/\/le12.ma\/fr\/wp-json\/wp\/v2\/comments?post=13790"}],"version-history":[{"count":1,"href":"https:\/\/le12.ma\/fr\/wp-json\/wp\/v2\/posts\/13790\/revisions"}],"predecessor-version":[{"id":13791,"href":"https:\/\/le12.ma\/fr\/wp-json\/wp\/v2\/posts\/13790\/revisions\/13791"}],"wp:featuredmedia":[{"embeddable":true,"href":"https:\/\/le12.ma\/fr\/wp-json\/wp\/v2\/media\/11730"}],"wp:attachment":[{"href":"https:\/\/le12.ma\/fr\/wp-json\/wp\/v2\/media?parent=13790"}],"wp:term":[{"taxonomy":"category","embeddable":true,"href":"https:\/\/le12.ma\/fr\/wp-json\/wp\/v2\/categories?post=13790"},{"taxonomy":"post_tag","embeddable":true,"href":"https:\/\/le12.ma\/fr\/wp-json\/wp\/v2\/tags?post=13790"},{"taxonomy":"yst_prominent_words","embeddable":true,"href":"https:\/\/le12.ma\/fr\/wp-json\/wp\/v2\/yst_prominent_words?post=13790"}],"curies":[{"name":"wp","href":"https:\/\/api.w.org\/{rel}","templated":true}]}}