{"id":13750,"date":"2021-02-25T13:30:08","date_gmt":"2021-02-25T12:30:08","guid":{"rendered":"https:\/\/le12.ma\/fr\/?p=13750"},"modified":"2021-02-25T13:08:20","modified_gmt":"2021-02-25T12:08:20","slug":"lamrec-la-premiere-ong-amazighe-au-maroc-opere-son-retour","status":"publish","type":"post","link":"https:\/\/le12.ma\/fr\/lamrec-la-premiere-ong-amazighe-au-maroc-opere-son-retour\/","title":{"rendered":"L\u2019AMREC, la premi\u00e8re ONG amazighe au Maroc op\u00e8re son retour"},"content":{"rendered":"<p><span style=\"color: #ff0000;\"><strong>Rabat \u2013le12<\/strong><\/span><\/p>\n<p><strong> Premi\u00e8re ONG amazighe au Maroc, l\u2019Association marocaine de recherche et d\u2019\u00e9change culturel (AMREC) est une organisation qui s\u2019est distingu\u00e9e, de longues ann\u00e9es durant, dans la promotion d\u2019une identit\u00e9 nationale fond\u00e9e sur le pluralisme.<\/strong><br \/>\n<strong>C\u2019est en novembre 1968 que l\u2019AMREC avait vu le jour gr\u00e2ce \u00e0 l\u2019initiative d\u2019un t\u00e9nor du mouvement culturel amazigh marocain, feu Brahim Akhiate. A l\u2019\u00e9poque, cette structure avait r\u00e9ussi \u00e0 f\u00e9d\u00e9rer des jeunes qui allaient devenir, quelques ann\u00e9es plus tard, de v\u00e9ritables figures de proue de la promotion des droits linguistiques et culturels amazighs au Royaume. Parmi ceux-l\u00e0, figurent l\u2019actuel recteur de l\u2019Institut royal de la culture amazighe (IRCAM), Ahmed Boukous, l\u2019historien feu Ali Sadki Azaykou, et le linguiste Abdellah Bounfour.<\/strong><br \/>\n<strong>Dans une d\u00e9claration \u00e0 la MAP, l\u2019actuel pr\u00e9sident de l\u2019AMREC, Imad Meniari, indique que cette association amazighe pionni\u00e8re avait contribu\u00e9 aux efforts visant \u00e0 d\u00e9placer le d\u00e9bat portant sur l\u2019identit\u00e9 nationale d\u2019une \u201ccertaine vision traditionnelle\u201d vers une autre moderne reposant sur le pluralisme et se conformant au principe \u201cunit\u00e9 dans le cadre de la diversit\u00e9\u201d.<\/strong><br \/>\n<strong>\u201cLe discours port\u00e9 par l\u2019Association marocaine de recherche et d\u2019\u00e9change culturel mettait l\u2019accent sur l\u2019unit\u00e9 nationale, tout en soulignant que cette unit\u00e9 devait reposer sur la diversit\u00e9 et le pluralisme, imp\u00e9ratifs sans lesquels aucun progr\u00e8s ne peut \u00eatre envisag\u00e9\u201d, rel\u00e8ve M. Meniari.<\/strong><br \/>\n<strong>\u201cL\u2019AMREC mettait en avant le fait que l\u2019amazigh est la propri\u00e9t\u00e9 de tous les Marocains, qu\u2019ils soient amazighophones ou pas\u201d, note-t-il.<\/strong><br \/>\n<strong>Port\u00e9e par cette philosophie, l\u2019association s\u2019activait sur plusieurs fronts, comme la collecte de la tradition orale amazighe et sa transcription et l\u2019incitation \u00e0 la cr\u00e9ation litt\u00e9raire en langue amazighe, notamment en po\u00e9sie.<\/strong><br \/>\n<strong>C\u00f4t\u00e9 musique, l\u2019AMREC a \u00e9t\u00e9 l\u2019initiatrice de l\u2019une des exp\u00e9riences les plus remarquables de la musique amazighe moderne, \u00e0 savoir le groupe Ousmane (\u201c\u00c9clairs\u201d en amazigh), qui a vu le jour en 1974 gr\u00e2ce \u00e0 l\u2019engagement de feu Brahim Akhiate. Celui-ci \u00e9tait parvenu \u00e0 constituer cette troupe musicale \u00e0 Rabat autour de six jeunes musiciens du Souss (feus Ammouri Mbarek et Said Boutroufine, Bela\u00efd El Akkaf, Said Bijaad, Lyazid Korfi et Tarek Maaroufi).<\/strong><br \/>\n<strong>S\u2019inspirant de textes r\u00e9dig\u00e9s par des po\u00e8tes de l\u2019AMREC, Ousmane allait r\u00e9aliser des chansons \u00e0 succ\u00e8s comme \u201cTakendaout\u201d, \u201cDdounit\u201d et \u201cTabratt\u201d et m\u00eame se produire \u00e0 l\u2019Olympia \u00e0 Paris, en 1977.<\/strong><br \/>\n<strong>L\u2019arriv\u00e9e de l\u2019AMREC a ainsi contribu\u00e9 \u00e0 poser les jalons de la promotion de la diversit\u00e9 culturelle au Maroc, balisant la voie \u00e0 l\u2019apparition, d\u00e8s les ann\u00e9es 1970, d\u2019autres associations \u0153uvrant en mati\u00e8re de d\u00e9fense des droits culturels et linguistiques amazighs. Parmi ces ONG, figurent, entre autres, l\u2019Association nouvelle pour la culture et les arts populaires (ANCAP), fond\u00e9e \u00e0 Rabat en 1978 et devenue \u201cTamaynut\u201d en 1996, et l\u2019Association culturelle amazighe (ACA), cr\u00e9\u00e9e en 1979 par Mohamed Chafik et Ali Sadki Azayko.<\/strong><br \/>\n<strong>N\u00e9anmoins, l\u2019AMREC a connu une travers\u00e9e du d\u00e9sert dans les derni\u00e8res ann\u00e9es, o\u00f9 son absence s\u2019est fait ressentir. Imad Meniari impute cette absence \u00e0 plusieurs contraintes d\u2019ordre organisationnel dont a p\u00e2ti l\u2019association depuis que son pr\u00e9sident fondateur, feu Brahim Akhiate, a \u00e9t\u00e9 pris d\u2019un malaise de sant\u00e9 qui l\u2019a contraint de se retirer de la sc\u00e8ne depuis 2010.<\/strong><br \/>\n<strong>Malgr\u00e9 les difficult\u00e9s rencontr\u00e9es \u00e0 la suite de cet \u00e9v\u00e9nement f\u00e2cheux, l\u2019AMREC \u201ca su maintenir sa pr\u00e9sence lors des rendez-vous importants pour le mouvement amazigh, notamment \u00e0 la faveur de l\u2019implication de plusieurs de ses cadres\u201d, temp\u00e8re-t-il, tout en ajoutant que plusieurs sections nationales de l\u2019association ont continu\u00e9 \u00e0 exercer leurs activit\u00e9s afin de r\u00e9aliser les objectifs fondamentaux fix\u00e9s.<\/strong><br \/>\n<strong>Par ailleurs, l\u2019AMREC a r\u00e9cemment renouvel\u00e9 ses structure dirigeantes. M. Meniari fait valoir qu\u2019un nouveau bureau national a \u00e9t\u00e9 \u00e9lu en octobre 2020 \u00e0 Rabat, r\u00e9unissant dans ses rangs de jeunes cadres mais aussi certaines des figures embl\u00e9matiques de l\u2019association.<\/strong><br \/>\n<strong>S\u2019agissant des axes strat\u00e9giques d\u00e9finis par l\u2019actuel bureau national, l\u2019acteur associatif rel\u00e8ve que l\u2019AMREC se focalise sur le plaidoyer pour une meilleure mise en \u0153uvre par les d\u00e9partements gouvernementaux et \u00e9tablissements publics des dispositions de la loi organique n\u00b0 26-16 fixant les \u00e9tapes de la mise en \u0153uvre du caract\u00e8re officiel de la langue amazighe et les modalit\u00e9s de son int\u00e9gration dans l\u2019enseignement et les diff\u00e9rents secteurs prioritaires de la vie publique.<\/strong><br \/>\n<strong>En outre, le si\u00e8ge de l\u2019AMREC \u00e0 Rabat a initi\u00e9 une programmation culturelle prodiguant, entre autres, des cours de langue amazighe standard destin\u00e9s aux enfants et adultes, fait savoir M. Meniari, ajoutant que les sections nationales de l\u2019association m\u00e8nent diff\u00e9rentes activit\u00e9s dans le cadre de la promotion de la langue et de la culture amazighes et la pr\u00e9servation de la diversit\u00e9 linguistique et culturelle au Royaume.<\/strong><br \/>\n<strong>En guise d\u2019illustration de son discours mettant l\u2019accent sur la coh\u00e9sion nationale, l\u2019AMREC a, en outre, organis\u00e9, le 26 d\u00e9cembre 2020, une visite symbolique au poste-fronti\u00e8re d\u2019El Guerguerat sous le slogan : \u201cL\u2019amazigh au service de l\u2019int\u00e9grit\u00e9 territoriale et l\u2019unit\u00e9 nationale\u201d.<\/strong><br \/>\n<strong>Dans un communiqu\u00e9 rendu public \u00e0 l\u2019occasion, l\u2019AMREC avait notamment appel\u00e9 \u00e0 faire face \u00e0 toutes les man\u0153uvres men\u00e9es par les ennemis de l\u2019int\u00e9grit\u00e9 territoriale du Maroc, tout en plaidant pour qu\u2019un int\u00e9r\u00eat particulier soit accord\u00e9 \u00e0 la dimension amazighe que rec\u00e8le le patrimoine des provinces du Sud du Royaume.<\/strong><br \/>\n<strong>\u201cL\u2019onomastique relative aux tribus, r\u00e9gions et coutumes t\u00e9moigne, entre autres \u00e9l\u00e9ments culturels, de la pr\u00e9sence permanente de la culture amazighe dans ces provinces\u201d, lit-on dans le communiqu\u00e9.<\/strong><br \/>\n<strong>L\u2019AMREC a donc su maintenir le cap contre vents et mar\u00e9es, faisant preuve d\u2019une flexibilit\u00e9 \u00e0 toute \u00e9preuve et confirmant, au fil des ann\u00e9es, son statut d\u2019acteur incontournable et influent sur la sc\u00e8ne culturelle amazighe au Maroc.<\/strong><\/p>\n","protected":false},"excerpt":{"rendered":"<p>Rabat \u2013le12 Premi\u00e8re ONG amazighe au Maroc, l\u2019Association marocaine de recherche et d\u2019\u00e9change culturel (AMREC) est une organisation qui s\u2019est distingu\u00e9e, de longues ann\u00e9es durant, dans la promotion d\u2019une identit\u00e9 nationale fond\u00e9e sur le pluralisme. C\u2019est en novembre 1968 que l\u2019AMREC avait vu le jour gr\u00e2ce \u00e0 l\u2019initiative d\u2019un t\u00e9nor du mouvement culturel amazigh marocain, [&hellip;]<\/p>\n","protected":false},"author":4,"featured_media":13751,"comment_status":"open","ping_status":"open","sticky":false,"template":"","format":"standard","meta":[],"categories":[26,31],"tags":[],"yst_prominent_words":[584,582,1936],"jetpack_featured_media_url":"https:\/\/le12.ma\/fr\/wp-content\/uploads\/2021\/02\/image.jpg","_links":{"self":[{"href":"https:\/\/le12.ma\/fr\/wp-json\/wp\/v2\/posts\/13750"}],"collection":[{"href":"https:\/\/le12.ma\/fr\/wp-json\/wp\/v2\/posts"}],"about":[{"href":"https:\/\/le12.ma\/fr\/wp-json\/wp\/v2\/types\/post"}],"author":[{"embeddable":true,"href":"https:\/\/le12.ma\/fr\/wp-json\/wp\/v2\/users\/4"}],"replies":[{"embeddable":true,"href":"https:\/\/le12.ma\/fr\/wp-json\/wp\/v2\/comments?post=13750"}],"version-history":[{"count":1,"href":"https:\/\/le12.ma\/fr\/wp-json\/wp\/v2\/posts\/13750\/revisions"}],"predecessor-version":[{"id":13752,"href":"https:\/\/le12.ma\/fr\/wp-json\/wp\/v2\/posts\/13750\/revisions\/13752"}],"wp:featuredmedia":[{"embeddable":true,"href":"https:\/\/le12.ma\/fr\/wp-json\/wp\/v2\/media\/13751"}],"wp:attachment":[{"href":"https:\/\/le12.ma\/fr\/wp-json\/wp\/v2\/media?parent=13750"}],"wp:term":[{"taxonomy":"category","embeddable":true,"href":"https:\/\/le12.ma\/fr\/wp-json\/wp\/v2\/categories?post=13750"},{"taxonomy":"post_tag","embeddable":true,"href":"https:\/\/le12.ma\/fr\/wp-json\/wp\/v2\/tags?post=13750"},{"taxonomy":"yst_prominent_words","embeddable":true,"href":"https:\/\/le12.ma\/fr\/wp-json\/wp\/v2\/yst_prominent_words?post=13750"}],"curies":[{"name":"wp","href":"https:\/\/api.w.org\/{rel}","templated":true}]}}