{"id":13552,"date":"2021-02-22T19:00:40","date_gmt":"2021-02-22T18:00:40","guid":{"rendered":"https:\/\/le12.ma\/fr\/?p=13552"},"modified":"2021-02-22T18:26:23","modified_gmt":"2021-02-22T17:26:23","slug":"m-el-otmani-la-conjoncture-actuelle-exige-un-meilleur-developpement-du-secteur-des-tic","status":"publish","type":"post","link":"https:\/\/le12.ma\/fr\/m-el-otmani-la-conjoncture-actuelle-exige-un-meilleur-developpement-du-secteur-des-tic\/","title":{"rendered":"M. El Otmani : La conjoncture actuelle exige un meilleur d\u00e9veloppement du secteur des TIC"},"content":{"rendered":"<p><span style=\"color: #ff0000;\"><strong>Rabat \u2013le12<\/strong><\/span><\/p>\n<p><strong> Le Chef de gouvernement Saad Dine El Otmani a mis l\u2019accent, lundi, sur la n\u00e9cessit\u00e9 de d\u00e9velopper davantage le secteur des Technologies de l\u2019information et de la communication (TIC) et de l\u2019Offshoring au Maroc, \u00e0 la lumi\u00e8re en particulier des d\u00e9fis impos\u00e9s par la pand\u00e9mie du Covid-19 dans les domaines de la communication et de la digitalisation.<\/strong><\/p>\n","protected":false},"excerpt":{"rendered":"<p>Rabat \u2013le12 Le Chef de gouvernement Saad Dine El Otmani a mis l\u2019accent, lundi, sur la n\u00e9cessit\u00e9 de d\u00e9velopper davantage le secteur des Technologies de l\u2019information et de la communication (TIC) et de l\u2019Offshoring au Maroc, \u00e0 la lumi\u00e8re en particulier des d\u00e9fis impos\u00e9s par la pand\u00e9mie du Covid-19 dans les domaines de la communication [&hellip;]<\/p>\n","protected":false},"author":4,"featured_media":4878,"comment_status":"open","ping_status":"open","sticky":false,"template":"","format":"standard","meta":[],"categories":[26,25,3884],"tags":[6734],"yst_prominent_words":[],"jetpack_featured_media_url":"https:\/\/le12.ma\/fr\/wp-content\/uploads\/2020\/10\/FAFB089D-1AEA-4898-9BF9-0F720E67E7EA.jpeg","_links":{"self":[{"href":"https:\/\/le12.ma\/fr\/wp-json\/wp\/v2\/posts\/13552"}],"collection":[{"href":"https:\/\/le12.ma\/fr\/wp-json\/wp\/v2\/posts"}],"about":[{"href":"https:\/\/le12.ma\/fr\/wp-json\/wp\/v2\/types\/post"}],"author":[{"embeddable":true,"href":"https:\/\/le12.ma\/fr\/wp-json\/wp\/v2\/users\/4"}],"replies":[{"embeddable":true,"href":"https:\/\/le12.ma\/fr\/wp-json\/wp\/v2\/comments?post=13552"}],"version-history":[{"count":1,"href":"https:\/\/le12.ma\/fr\/wp-json\/wp\/v2\/posts\/13552\/revisions"}],"predecessor-version":[{"id":13553,"href":"https:\/\/le12.ma\/fr\/wp-json\/wp\/v2\/posts\/13552\/revisions\/13553"}],"wp:featuredmedia":[{"embeddable":true,"href":"https:\/\/le12.ma\/fr\/wp-json\/wp\/v2\/media\/4878"}],"wp:attachment":[{"href":"https:\/\/le12.ma\/fr\/wp-json\/wp\/v2\/media?parent=13552"}],"wp:term":[{"taxonomy":"category","embeddable":true,"href":"https:\/\/le12.ma\/fr\/wp-json\/wp\/v2\/categories?post=13552"},{"taxonomy":"post_tag","embeddable":true,"href":"https:\/\/le12.ma\/fr\/wp-json\/wp\/v2\/tags?post=13552"},{"taxonomy":"yst_prominent_words","embeddable":true,"href":"https:\/\/le12.ma\/fr\/wp-json\/wp\/v2\/yst_prominent_words?post=13552"}],"curies":[{"name":"wp","href":"https:\/\/api.w.org\/{rel}","templated":true}]}}