{"id":13533,"date":"2021-02-22T15:30:20","date_gmt":"2021-02-22T14:30:20","guid":{"rendered":"https:\/\/le12.ma\/fr\/?p=13533"},"modified":"2021-02-22T14:14:31","modified_gmt":"2021-02-22T13:14:31","slug":"archives-du-maroc-abrite-le-repertoire-de-abdelhay-bennis-autour-de-la-memoire-de-linstitution-legislative","status":"publish","type":"post","link":"https:\/\/le12.ma\/fr\/archives-du-maroc-abrite-le-repertoire-de-abdelhay-bennis-autour-de-la-memoire-de-linstitution-legislative\/","title":{"rendered":"Archives du Maroc abrite le r\u00e9pertoire de Abdelhay Bennis autour de la m\u00e9moire de l\u2019institution l\u00e9gislative"},"content":{"rendered":"<p><span style=\"color: #ff0000;\"><strong>Rabat \u2013le12<\/strong><\/span><\/p>\n<p><strong> L\u2019institution Archives du Maroc a re\u00e7u, \u00e0 titre gracieux, un r\u00e9pertoire constitu\u00e9 de documents historiques de la part de M. Abdelhay Bennis, ancien employ\u00e9 au parlement (1977-2012), qui les a regroup\u00e9s, tout au long de plusieurs d\u00e9cennies, et qui constituent une partie de la m\u00e9moire historique de l\u2019institution l\u00e9gislative marocaine.<\/strong><br \/>\n<strong>M. Bennis a livr\u00e9 ce r\u00e9pertoire de documents en vertu d\u2019une convention sign\u00e9e le 18 f\u00e9vrier courant, indique Archives du Maroc dans un communiqu\u00e9, notant qu\u2019il s\u2019agit de 5 CD contenant 79 vid\u00e9os retra\u00e7ant les deux motions de censure dans les ann\u00e9es 1964 et 1990, en plus de plusieurs albums comprenant environ 3.260 photos des activit\u00e9s du parlement entre 1963 et 2013, outre des photos du Conseil national consultatif de l\u2019ann\u00e9e 1956.<\/strong><br \/>\n<strong>Archives du Maroc s\u2019engage \u00e0 faire l\u2019inventaire et \u00e0 traiter \u201cle r\u00e9pertoire de Abdelhay Bennis\u201d, \u00e0 veiller \u00e0 le pr\u00e9server, et faciliter sa consultation pour les chercheurs et l\u2019ensemble des int\u00e9ress\u00e9s, conform\u00e9ment aux lois en vigueur, en plus de le valoriser par les moyens utilis\u00e9s dans ce cadre, ajoute la m\u00eame source.<\/strong><br \/>\n<strong>Cette initiative intervient au regard de la grande importance que rev\u00eatent les archives dans la composition d\u2019une m\u00e9moire nationale collective, et la promotion de la recherche acad\u00e9mique pour sa recomposition, \u00e0 travers les sources n\u00e9cessaires.<\/strong><br \/>\n<strong>En outre, cette initiative s\u2019inscrit dans le cadre de la mission de l\u2019institution des Archives du Maroc, en tant qu\u2019organe administratif, charg\u00e9 de pr\u00e9server et promouvoir le patrimoine d\u2019archive national, y compris les archives sp\u00e9ciales, \u00e0 int\u00e9r\u00eat public, notamment \u00e0 travers son regroupement et sa pr\u00e9servation, selon les outils d\u00e9termin\u00e9s dans la loi 69.99 relative aux archives, et son d\u00e9cret d\u2019application, conclut le communiqu\u00e9.<\/strong><\/p>\n","protected":false},"excerpt":{"rendered":"<p>Rabat \u2013le12 L\u2019institution Archives du Maroc a re\u00e7u, \u00e0 titre gracieux, un r\u00e9pertoire constitu\u00e9 de documents historiques de la part de M. Abdelhay Bennis, ancien employ\u00e9 au parlement (1977-2012), qui les a regroup\u00e9s, tout au long de plusieurs d\u00e9cennies, et qui constituent une partie de la m\u00e9moire historique de l\u2019institution l\u00e9gislative marocaine. M. Bennis a [&hellip;]<\/p>\n","protected":false},"author":4,"featured_media":13534,"comment_status":"open","ping_status":"open","sticky":false,"template":"","format":"standard","meta":[],"categories":[26,31],"tags":[6764],"yst_prominent_words":[571,145,69,258],"jetpack_featured_media_url":"https:\/\/le12.ma\/fr\/wp-content\/uploads\/2021\/02\/ARCHIVE-DU-MAROC.jpg","_links":{"self":[{"href":"https:\/\/le12.ma\/fr\/wp-json\/wp\/v2\/posts\/13533"}],"collection":[{"href":"https:\/\/le12.ma\/fr\/wp-json\/wp\/v2\/posts"}],"about":[{"href":"https:\/\/le12.ma\/fr\/wp-json\/wp\/v2\/types\/post"}],"author":[{"embeddable":true,"href":"https:\/\/le12.ma\/fr\/wp-json\/wp\/v2\/users\/4"}],"replies":[{"embeddable":true,"href":"https:\/\/le12.ma\/fr\/wp-json\/wp\/v2\/comments?post=13533"}],"version-history":[{"count":1,"href":"https:\/\/le12.ma\/fr\/wp-json\/wp\/v2\/posts\/13533\/revisions"}],"predecessor-version":[{"id":13535,"href":"https:\/\/le12.ma\/fr\/wp-json\/wp\/v2\/posts\/13533\/revisions\/13535"}],"wp:featuredmedia":[{"embeddable":true,"href":"https:\/\/le12.ma\/fr\/wp-json\/wp\/v2\/media\/13534"}],"wp:attachment":[{"href":"https:\/\/le12.ma\/fr\/wp-json\/wp\/v2\/media?parent=13533"}],"wp:term":[{"taxonomy":"category","embeddable":true,"href":"https:\/\/le12.ma\/fr\/wp-json\/wp\/v2\/categories?post=13533"},{"taxonomy":"post_tag","embeddable":true,"href":"https:\/\/le12.ma\/fr\/wp-json\/wp\/v2\/tags?post=13533"},{"taxonomy":"yst_prominent_words","embeddable":true,"href":"https:\/\/le12.ma\/fr\/wp-json\/wp\/v2\/yst_prominent_words?post=13533"}],"curies":[{"name":"wp","href":"https:\/\/api.w.org\/{rel}","templated":true}]}}