{"id":13373,"date":"2021-02-19T16:30:20","date_gmt":"2021-02-19T15:30:20","guid":{"rendered":"https:\/\/le12.ma\/fr\/?p=13373"},"modified":"2021-02-19T12:57:58","modified_gmt":"2021-02-19T11:57:58","slug":"rabat-vernissage-dune-exposition-retrospective-consacree-a-loeuvre-de-feu-abbes-saladi","status":"publish","type":"post","link":"https:\/\/le12.ma\/fr\/rabat-vernissage-dune-exposition-retrospective-consacree-a-loeuvre-de-feu-abbes-saladi\/","title":{"rendered":"Rabat: Vernissage d\u2019une exposition r\u00e9trospective consacr\u00e9e \u00e0 l\u2019\u0153uvre de feu Abb\u00e8s Saladi"},"content":{"rendered":"<p><span style=\"color: #ff0000;\"><strong>Rabat-le12<\/strong><\/span><\/p>\n<p><strong> Le vernissage de l\u2019exposition r\u00e9trospective consacr\u00e9e \u00e0 l\u2019\u0153uvre de feu Abb\u00e8s Saladi (1950-1992) pour red\u00e9couvrir le parcours de cet artiste marocain hors pair a eu lieu, jeudi, au Mus\u00e9e de Bank Al-Maghrib \u00e0 Rabat.<\/strong><\/p>\n","protected":false},"excerpt":{"rendered":"<p>Rabat-le12 Le vernissage de l\u2019exposition r\u00e9trospective consacr\u00e9e \u00e0 l\u2019\u0153uvre de feu Abb\u00e8s Saladi (1950-1992) pour red\u00e9couvrir le parcours de cet artiste marocain hors pair a eu lieu, jeudi, au Mus\u00e9e de Bank Al-Maghrib \u00e0 Rabat.<\/p>\n","protected":false},"author":4,"featured_media":13374,"comment_status":"open","ping_status":"open","sticky":false,"template":"","format":"standard","meta":[],"categories":[26,31],"tags":[],"yst_prominent_words":[],"jetpack_featured_media_url":"https:\/\/le12.ma\/fr\/wp-content\/uploads\/2021\/02\/ma3rid.jpg","_links":{"self":[{"href":"https:\/\/le12.ma\/fr\/wp-json\/wp\/v2\/posts\/13373"}],"collection":[{"href":"https:\/\/le12.ma\/fr\/wp-json\/wp\/v2\/posts"}],"about":[{"href":"https:\/\/le12.ma\/fr\/wp-json\/wp\/v2\/types\/post"}],"author":[{"embeddable":true,"href":"https:\/\/le12.ma\/fr\/wp-json\/wp\/v2\/users\/4"}],"replies":[{"embeddable":true,"href":"https:\/\/le12.ma\/fr\/wp-json\/wp\/v2\/comments?post=13373"}],"version-history":[{"count":1,"href":"https:\/\/le12.ma\/fr\/wp-json\/wp\/v2\/posts\/13373\/revisions"}],"predecessor-version":[{"id":13375,"href":"https:\/\/le12.ma\/fr\/wp-json\/wp\/v2\/posts\/13373\/revisions\/13375"}],"wp:featuredmedia":[{"embeddable":true,"href":"https:\/\/le12.ma\/fr\/wp-json\/wp\/v2\/media\/13374"}],"wp:attachment":[{"href":"https:\/\/le12.ma\/fr\/wp-json\/wp\/v2\/media?parent=13373"}],"wp:term":[{"taxonomy":"category","embeddable":true,"href":"https:\/\/le12.ma\/fr\/wp-json\/wp\/v2\/categories?post=13373"},{"taxonomy":"post_tag","embeddable":true,"href":"https:\/\/le12.ma\/fr\/wp-json\/wp\/v2\/tags?post=13373"},{"taxonomy":"yst_prominent_words","embeddable":true,"href":"https:\/\/le12.ma\/fr\/wp-json\/wp\/v2\/yst_prominent_words?post=13373"}],"curies":[{"name":"wp","href":"https:\/\/api.w.org\/{rel}","templated":true}]}}