{"id":12987,"date":"2021-02-15T09:52:09","date_gmt":"2021-02-15T08:52:09","guid":{"rendered":"https:\/\/le12.ma\/fr\/?p=12987"},"modified":"2021-02-15T09:52:09","modified_gmt":"2021-02-15T08:52:09","slug":"lancement-a-essaouira-dune-antenne-de-la-clinique-du-droit-de-la-fsjes-rabat-agdal","status":"publish","type":"post","link":"https:\/\/le12.ma\/fr\/lancement-a-essaouira-dune-antenne-de-la-clinique-du-droit-de-la-fsjes-rabat-agdal\/","title":{"rendered":"Lancement \u00e0 Essaouira d\u2019une antenne de la Clinique du Droit de la FSJES Rabat-Agdal"},"content":{"rendered":"<p><span style=\"color: #ff0000;\"><strong>Essaouira \u2013le12<\/strong><\/span><\/p>\n<p><strong> L\u2019Espace \u201cBayt Dakira\u201d a \u00e9t\u00e9, samedi, le t\u00e9moin de l\u2019annonce du lancement \u00e0 Essaouira d\u2019une antenne de la Clinique du Droit relevant de la Facult\u00e9 des Sciences Juridiques, Economiques et Sociales (FSJES) Rabat-Agdal.<\/strong><br \/>\n<strong>Cette importante annonce a \u00e9t\u00e9 faite en pr\u00e9sence de MM. Andr\u00e9 Azoulay, Conseiller de SM le Roi et pr\u00e9sident-fondateur de l\u2019Association Essaouira-Mogador, et Tarik Ottmani, pr\u00e9sident du bureau ex\u00e9cutif de l\u2019Association, lors de la 6\u00e8me Rencontre scientifique, initi\u00e9e conjointement par le Centre d\u2019Etudes et de Recherches sur le Droit H\u00e9bra\u00efque au Maroc, la Fondation Konrad-Adenauer au Maroc, l\u2019Association Essaouira-Mogador et \u201cBayt Dakira\u201d, sous le th\u00e8me \u201cQuand la diversit\u00e9 marocaine s\u2019invite au c\u0153ur des Humanit\u00e9s\u201d.<\/strong><\/p>\n","protected":false},"excerpt":{"rendered":"<p>Essaouira \u2013le12 L\u2019Espace \u201cBayt Dakira\u201d a \u00e9t\u00e9, samedi, le t\u00e9moin de l\u2019annonce du lancement \u00e0 Essaouira d\u2019une antenne de la Clinique du Droit relevant de la Facult\u00e9 des Sciences Juridiques, Economiques et Sociales (FSJES) Rabat-Agdal. Cette importante annonce a \u00e9t\u00e9 faite en pr\u00e9sence de MM. Andr\u00e9 Azoulay, Conseiller de SM le Roi et pr\u00e9sident-fondateur de [&hellip;]<\/p>\n","protected":false},"author":4,"featured_media":12988,"comment_status":"open","ping_status":"open","sticky":false,"template":"","format":"standard","meta":[],"categories":[26,31,24],"tags":[],"yst_prominent_words":[5461,359,357,69],"jetpack_featured_media_url":"https:\/\/le12.ma\/fr\/wp-content\/uploads\/2021\/02\/w_56539260-5.jpg","_links":{"self":[{"href":"https:\/\/le12.ma\/fr\/wp-json\/wp\/v2\/posts\/12987"}],"collection":[{"href":"https:\/\/le12.ma\/fr\/wp-json\/wp\/v2\/posts"}],"about":[{"href":"https:\/\/le12.ma\/fr\/wp-json\/wp\/v2\/types\/post"}],"author":[{"embeddable":true,"href":"https:\/\/le12.ma\/fr\/wp-json\/wp\/v2\/users\/4"}],"replies":[{"embeddable":true,"href":"https:\/\/le12.ma\/fr\/wp-json\/wp\/v2\/comments?post=12987"}],"version-history":[{"count":1,"href":"https:\/\/le12.ma\/fr\/wp-json\/wp\/v2\/posts\/12987\/revisions"}],"predecessor-version":[{"id":12989,"href":"https:\/\/le12.ma\/fr\/wp-json\/wp\/v2\/posts\/12987\/revisions\/12989"}],"wp:featuredmedia":[{"embeddable":true,"href":"https:\/\/le12.ma\/fr\/wp-json\/wp\/v2\/media\/12988"}],"wp:attachment":[{"href":"https:\/\/le12.ma\/fr\/wp-json\/wp\/v2\/media?parent=12987"}],"wp:term":[{"taxonomy":"category","embeddable":true,"href":"https:\/\/le12.ma\/fr\/wp-json\/wp\/v2\/categories?post=12987"},{"taxonomy":"post_tag","embeddable":true,"href":"https:\/\/le12.ma\/fr\/wp-json\/wp\/v2\/tags?post=12987"},{"taxonomy":"yst_prominent_words","embeddable":true,"href":"https:\/\/le12.ma\/fr\/wp-json\/wp\/v2\/yst_prominent_words?post=12987"}],"curies":[{"name":"wp","href":"https:\/\/api.w.org\/{rel}","templated":true}]}}