{"id":12984,"date":"2021-02-15T09:51:09","date_gmt":"2021-02-15T08:51:09","guid":{"rendered":"https:\/\/le12.ma\/fr\/?p=12984"},"modified":"2021-02-15T09:51:09","modified_gmt":"2021-02-15T08:51:09","slug":"marrakech-lexposition-collective-parcours-du-20-fevrier-au-13-avril-prochain","status":"publish","type":"post","link":"https:\/\/le12.ma\/fr\/marrakech-lexposition-collective-parcours-du-20-fevrier-au-13-avril-prochain\/","title":{"rendered":"Marrakech : L\u2019exposition collective \u201cParcours\u201d, du 20 f\u00e9vrier au 13 avril prochain"},"content":{"rendered":"<p><span style=\"color: #ff0000;\"><strong>Marrakech \u2013 le12<\/strong><\/span><\/p>\n<p><strong>La \u201cPolart Gallery\u201d pour les arts contemporains \u00e0 Marrakech abritera, du 20 f\u00e9vrier au 13 avril prohain, une exposition collective baptis\u00e9e \u201cParcours\u201d, qui mettra en lumi\u00e8re les exp\u00e9riences de neuf artistes-peintres.<\/strong><br \/>\n<strong>Initi\u00e9e par l\u2019Association du P\u00f4le international des arts plastiques, cette manifestation s\u2019inscrit dans le cadre du programme dudit P\u00f4le en vue d\u2019insuffler une nouvelle dynamique artistique dans la cit\u00e9 ocre, suite \u00e0 la crise sanitaire induite par la propagation de la pand\u00e9mie de la Covid-19, qui a contraint les artistes et cr\u00e9ateurs de tous bords au confinement et \u00e0 l\u2019isolement.<\/strong><\/p>\n","protected":false},"excerpt":{"rendered":"<p>Marrakech \u2013 le12 La \u201cPolart Gallery\u201d pour les arts contemporains \u00e0 Marrakech abritera, du 20 f\u00e9vrier au 13 avril prohain, une exposition collective baptis\u00e9e \u201cParcours\u201d, qui mettra en lumi\u00e8re les exp\u00e9riences de neuf artistes-peintres. Initi\u00e9e par l\u2019Association du P\u00f4le international des arts plastiques, cette manifestation s\u2019inscrit dans le cadre du programme dudit P\u00f4le en vue [&hellip;]<\/p>\n","protected":false},"author":4,"featured_media":12985,"comment_status":"open","ping_status":"open","sticky":false,"template":"","format":"standard","meta":[],"categories":[26,31],"tags":[],"yst_prominent_words":[252,3058],"jetpack_featured_media_url":"https:\/\/le12.ma\/fr\/wp-content\/uploads\/2021\/02\/melehi-504x300-1.jpg","_links":{"self":[{"href":"https:\/\/le12.ma\/fr\/wp-json\/wp\/v2\/posts\/12984"}],"collection":[{"href":"https:\/\/le12.ma\/fr\/wp-json\/wp\/v2\/posts"}],"about":[{"href":"https:\/\/le12.ma\/fr\/wp-json\/wp\/v2\/types\/post"}],"author":[{"embeddable":true,"href":"https:\/\/le12.ma\/fr\/wp-json\/wp\/v2\/users\/4"}],"replies":[{"embeddable":true,"href":"https:\/\/le12.ma\/fr\/wp-json\/wp\/v2\/comments?post=12984"}],"version-history":[{"count":1,"href":"https:\/\/le12.ma\/fr\/wp-json\/wp\/v2\/posts\/12984\/revisions"}],"predecessor-version":[{"id":12986,"href":"https:\/\/le12.ma\/fr\/wp-json\/wp\/v2\/posts\/12984\/revisions\/12986"}],"wp:featuredmedia":[{"embeddable":true,"href":"https:\/\/le12.ma\/fr\/wp-json\/wp\/v2\/media\/12985"}],"wp:attachment":[{"href":"https:\/\/le12.ma\/fr\/wp-json\/wp\/v2\/media?parent=12984"}],"wp:term":[{"taxonomy":"category","embeddable":true,"href":"https:\/\/le12.ma\/fr\/wp-json\/wp\/v2\/categories?post=12984"},{"taxonomy":"post_tag","embeddable":true,"href":"https:\/\/le12.ma\/fr\/wp-json\/wp\/v2\/tags?post=12984"},{"taxonomy":"yst_prominent_words","embeddable":true,"href":"https:\/\/le12.ma\/fr\/wp-json\/wp\/v2\/yst_prominent_words?post=12984"}],"curies":[{"name":"wp","href":"https:\/\/api.w.org\/{rel}","templated":true}]}}