{"id":12934,"date":"2021-02-14T12:30:00","date_gmt":"2021-02-14T11:30:00","guid":{"rendered":"https:\/\/le12.ma\/fr\/?p=12934"},"modified":"2021-02-14T11:51:55","modified_gmt":"2021-02-14T10:51:55","slug":"la-ville-de-chefchaouen-a-lhonneur-a-la-biennale-de-la-photographie-a-cordoue","status":"publish","type":"post","link":"https:\/\/le12.ma\/fr\/la-ville-de-chefchaouen-a-lhonneur-a-la-biennale-de-la-photographie-a-cordoue\/","title":{"rendered":"La ville de Chefchaouen \u00e0 l\u2019honneur \u00e0 la biennale de la Photographie \u00e0 Cordoue"},"content":{"rendered":"<p><span style=\"color: #ff0000;\"><strong>Cordoue \u2013le12<\/strong><\/span><\/p>\n<p><strong> La Fondation Casa Arabe \u00e0 Cordoue accueille, du 12 f\u00e9vrier au 14 mai, une exposition photographique haute en couleurs consacr\u00e9e \u00e0 la ville de Chefchaouen, dans le cadre de la 17e biennale de la photographie.<\/strong><\/p>\n<p><strong>Baptis\u00e9e \u201cla perle Bleue\u201d, en r\u00e9f\u00e9rence au bleu indigo qui fait la renomm\u00e9e de cette ville marocaine, l\u2019exposition que livre Manuel Lama se veut une r\u00e9trospective photographique des multiples voyages effectu\u00e9s par cet artiste-photographe espagnol, sous nos latitudes. Les dizaines de clich\u00e9s qui tapissent les murs de la galerie de cette b\u00e2tisse \u00e0 l\u2019architecture mud\u00e9jar et le bruit de l\u2019eau qui coule dans les fontaines en pierre, enveloppent cette collection d\u2019instantan\u00e9s, d\u2019un charme envo\u00fbtant.<\/strong><br \/>\n<strong>Lama, qui n\u2019est pas \u00e0 sa premi\u00e8re \u0153uvre sur le Maroc, a voulu d\u00e9clarer \u00e0 travers ces polaroids sa flamme au Royaume, un pays qu\u2019il ch\u00e9rit particuli\u00e8rement. \u201cComme j\u2019avais r\u00e9alis\u00e9 auparavant une exposition sur le Maroc, je voulais apporter \u00e0 la biennale un regard diff\u00e9rent sur ce pays. Et c\u2019est sur Chefchaouen que mon choix s\u2019est fix\u00e9\u201d, confie dans une d\u00e9claration \u00e0 la MAP, Manuel Lama. \u201cC\u2019est une ville singuli\u00e8re \u00e0 plusieurs titres\u201d, confirme-t-il.<\/strong><\/p>\n<p><strong>Des clich\u00e9s qui d\u00e9peignent la vie quotidienne dans cette captivante cit\u00e9 o\u00f9 le bleu se d\u00e9cline dans toutes ses nuances. Des images travers\u00e9es par le mouvement, la beaut\u00e9, et qui semble \u00eatre dot\u00e9es d\u2019une vie propre. Elles r\u00e9veillent les sens et titillent le d\u00e9sir d\u2019aller plonger dans l\u2019univers de cette cit\u00e9 enchanteresse. L\u2019artiste a r\u00e9ussi \u00e0 figer sur ses clich\u00e9s cette atmosph\u00e8re b\u00e9ate qui enveloppe la m\u00e9dina et la qui\u00e9tude qui se d\u00e9gage des ruelles \u00e9troites de la cit\u00e9 azur.<\/strong><br \/>\n<strong>\u201cMon ambition \u00e0 travers cette exposition est de raconter une histoire. Celle d\u2019un pays de lumi\u00e8re et de couleurs. Certes, je suis un photographe urbain, mais je pr\u00eate une attention particuli\u00e8re aux visages et aux traits humains. Et au Maroc, j\u2019\u00e9tais combl\u00e9 car ces gens qui m\u2019ont s\u00e9duit par leur humanisme et leur ouverture d\u2019esprit\u201d, se souvient-il.<\/strong><br \/>\n<strong>En effet, les clich\u00e9s de Manuel Lama se veulent une invitation au voyage et \u00e0 la rencontre de l\u2019Autre. L\u2019exposition est aussi une immersion, le temps d\u2019une visite, dans l\u2019univers de la cit\u00e9 azur. Jardini\u00e8res multicolores, discussion sur le parvis de la c\u00e9l\u00e8bre place, tant de d\u00e9tails triviaux rehauss\u00e9s \u00e0 travers l\u2019\u0153il photographique de l\u2019artiste. Consacr\u00e9e l\u2019une des plus villes du Monde par les revues sp\u00e9cialis\u00e9es, Chefchaouen s\u2019offre sans r\u00e9sistance sous les clich\u00e9s de l\u2019artiste espagnol. \u201cC\u2019est un endroit \u00e0 visiter pour beaucoup de photographes\u201d, rappelle le commissaire de l\u2019exposition, Mikael Zapke.<\/strong><br \/>\n<strong>Pour faire d\u00e9couvrir au public cordouan les anecdotes et curiosit\u00e9s de ces instantan\u00e9s, Casa Arabe a organis\u00e9 des visites guid\u00e9es, dirig\u00e9es par l\u2019artiste. Celui-ci partage avec un public restreint les coulisses des photos de cette s\u00e9rie qui met en avant \u201cla perle bleue\u201d.<\/strong><\/p>\n<p><strong>\u201cCe sont des clich\u00e9s qui t\u2019invitent \u00e0 aller de ce pas visiter la ville et le pays en g\u00e9n\u00e9ral. J\u2019ai \u00e9norm\u00e9ment appr\u00e9ci\u00e9\u201d, confie une jeune Cordouane, au terme de sa visite.<\/strong><\/p>\n","protected":false},"excerpt":{"rendered":"<p>Cordoue \u2013le12 La Fondation Casa Arabe \u00e0 Cordoue accueille, du 12 f\u00e9vrier au 14 mai, une exposition photographique haute en couleurs consacr\u00e9e \u00e0 la ville de Chefchaouen, dans le cadre de la 17e biennale de la photographie. Baptis\u00e9e \u201cla perle Bleue\u201d, en r\u00e9f\u00e9rence au bleu indigo qui fait la renomm\u00e9e de cette ville marocaine, l\u2019exposition [&hellip;]<\/p>\n","protected":false},"author":4,"featured_media":12935,"comment_status":"open","ping_status":"open","sticky":false,"template":"","format":"standard","meta":[],"categories":[26,31],"tags":[],"yst_prominent_words":[606,1226,370,2848,2988,2852,69,98,402],"jetpack_featured_media_url":"https:\/\/le12.ma\/fr\/wp-content\/uploads\/2021\/02\/121.jpg","_links":{"self":[{"href":"https:\/\/le12.ma\/fr\/wp-json\/wp\/v2\/posts\/12934"}],"collection":[{"href":"https:\/\/le12.ma\/fr\/wp-json\/wp\/v2\/posts"}],"about":[{"href":"https:\/\/le12.ma\/fr\/wp-json\/wp\/v2\/types\/post"}],"author":[{"embeddable":true,"href":"https:\/\/le12.ma\/fr\/wp-json\/wp\/v2\/users\/4"}],"replies":[{"embeddable":true,"href":"https:\/\/le12.ma\/fr\/wp-json\/wp\/v2\/comments?post=12934"}],"version-history":[{"count":1,"href":"https:\/\/le12.ma\/fr\/wp-json\/wp\/v2\/posts\/12934\/revisions"}],"predecessor-version":[{"id":12936,"href":"https:\/\/le12.ma\/fr\/wp-json\/wp\/v2\/posts\/12934\/revisions\/12936"}],"wp:featuredmedia":[{"embeddable":true,"href":"https:\/\/le12.ma\/fr\/wp-json\/wp\/v2\/media\/12935"}],"wp:attachment":[{"href":"https:\/\/le12.ma\/fr\/wp-json\/wp\/v2\/media?parent=12934"}],"wp:term":[{"taxonomy":"category","embeddable":true,"href":"https:\/\/le12.ma\/fr\/wp-json\/wp\/v2\/categories?post=12934"},{"taxonomy":"post_tag","embeddable":true,"href":"https:\/\/le12.ma\/fr\/wp-json\/wp\/v2\/tags?post=12934"},{"taxonomy":"yst_prominent_words","embeddable":true,"href":"https:\/\/le12.ma\/fr\/wp-json\/wp\/v2\/yst_prominent_words?post=12934"}],"curies":[{"name":"wp","href":"https:\/\/api.w.org\/{rel}","templated":true}]}}