{"id":12802,"date":"2021-02-12T13:00:11","date_gmt":"2021-02-12T12:00:11","guid":{"rendered":"https:\/\/le12.ma\/fr\/?p=12802"},"modified":"2021-02-12T11:41:57","modified_gmt":"2021-02-12T10:41:57","slug":"la-realisatrice-francaise-laurine-bauby-preside-le-jury-du-9eme-festival-du-cinema-de-oued-noun","status":"publish","type":"post","link":"https:\/\/le12.ma\/fr\/la-realisatrice-francaise-laurine-bauby-preside-le-jury-du-9eme-festival-du-cinema-de-oued-noun\/","title":{"rendered":"La r\u00e9alisatrice fran\u00e7aise Laurine Bauby pr\u00e9side le jury du 9\u00e8me festival du cin\u00e9ma de Oued Noun"},"content":{"rendered":"<p><span style=\"color: #ff0000;\"><strong>Guelmim \u2013le12<\/strong><\/span><\/p>\n<p><strong> La r\u00e9alisatrice et actrice fran\u00e7aise Laurine Bauby pr\u00e9sidera le jury du 9\u00e8me festival du cin\u00e9ma de Oued Noun qui sera organis\u00e9 du 26 au 28 f\u00e9vrier \u00e0 distance, ont annonc\u00e9 ses organisateurs.<\/strong><\/p>\n","protected":false},"excerpt":{"rendered":"<p>Guelmim \u2013le12 La r\u00e9alisatrice et actrice fran\u00e7aise Laurine Bauby pr\u00e9sidera le jury du 9\u00e8me festival du cin\u00e9ma de Oued Noun qui sera organis\u00e9 du 26 au 28 f\u00e9vrier \u00e0 distance, ont annonc\u00e9 ses organisateurs.<\/p>\n","protected":false},"author":4,"featured_media":12803,"comment_status":"open","ping_status":"open","sticky":false,"template":"","format":"standard","meta":[],"categories":[26,31],"tags":[],"yst_prominent_words":[],"jetpack_featured_media_url":"https:\/\/le12.ma\/fr\/wp-content\/uploads\/2021\/02\/Cinema-et-migrations.jpg","_links":{"self":[{"href":"https:\/\/le12.ma\/fr\/wp-json\/wp\/v2\/posts\/12802"}],"collection":[{"href":"https:\/\/le12.ma\/fr\/wp-json\/wp\/v2\/posts"}],"about":[{"href":"https:\/\/le12.ma\/fr\/wp-json\/wp\/v2\/types\/post"}],"author":[{"embeddable":true,"href":"https:\/\/le12.ma\/fr\/wp-json\/wp\/v2\/users\/4"}],"replies":[{"embeddable":true,"href":"https:\/\/le12.ma\/fr\/wp-json\/wp\/v2\/comments?post=12802"}],"version-history":[{"count":1,"href":"https:\/\/le12.ma\/fr\/wp-json\/wp\/v2\/posts\/12802\/revisions"}],"predecessor-version":[{"id":12804,"href":"https:\/\/le12.ma\/fr\/wp-json\/wp\/v2\/posts\/12802\/revisions\/12804"}],"wp:featuredmedia":[{"embeddable":true,"href":"https:\/\/le12.ma\/fr\/wp-json\/wp\/v2\/media\/12803"}],"wp:attachment":[{"href":"https:\/\/le12.ma\/fr\/wp-json\/wp\/v2\/media?parent=12802"}],"wp:term":[{"taxonomy":"category","embeddable":true,"href":"https:\/\/le12.ma\/fr\/wp-json\/wp\/v2\/categories?post=12802"},{"taxonomy":"post_tag","embeddable":true,"href":"https:\/\/le12.ma\/fr\/wp-json\/wp\/v2\/tags?post=12802"},{"taxonomy":"yst_prominent_words","embeddable":true,"href":"https:\/\/le12.ma\/fr\/wp-json\/wp\/v2\/yst_prominent_words?post=12802"}],"curies":[{"name":"wp","href":"https:\/\/api.w.org\/{rel}","templated":true}]}}