{"id":12635,"date":"2021-02-09T17:40:26","date_gmt":"2021-02-09T16:40:26","guid":{"rendered":"https:\/\/le12.ma\/fr\/?p=12635"},"modified":"2021-02-09T17:40:26","modified_gmt":"2021-02-09T16:40:26","slug":"la-zlecaf-porteuse-de-beaucoup-despoir-pour-lafrique-m-alj","status":"publish","type":"post","link":"https:\/\/le12.ma\/fr\/la-zlecaf-porteuse-de-beaucoup-despoir-pour-lafrique-m-alj\/","title":{"rendered":"La ZLECAF porteuse de \u201cbeaucoup d\u2019espoir\u201d pour l\u2019Afrique (M. Alj)"},"content":{"rendered":"<p><span style=\"color: #ff0000;\"><strong>Casablanca \u2013le12<\/strong><\/span><\/p>\n<p><strong> La Zone de libre-\u00e9change continentale africaine (ZLECAF) est une opportunit\u00e9 porteuse de beaucoup d\u2019espoir pour l\u2019Afrique, qui va permettre au continent d\u2019atteindre un stade \u00e9lev\u00e9 de son d\u00e9veloppement, a soulign\u00e9, mardi \u00e0 Casablanca, le pr\u00e9sident de la Conf\u00e9d\u00e9ration g\u00e9n\u00e9rale des entreprises du Maroc (CGEM), Chakib Alj.<\/strong><br \/>\n<strong>La ZLECAf permettra de \u201ccapter la valeur ajout\u00e9e qui part aujourd\u2019hui vers l\u2019Europe ou vers l\u2019Asie et d\u2019offrir de meilleures opportunit\u00e9s d\u2019emplois pour sa population \u00e0 travers l\u2019accroissement des \u00e9changes commerciaux, une meilleure int\u00e9gration industrielle et la possibilit\u00e9 de monter des projets industriels communs\u201d, a expliqu\u00e9 M. Alj lors d\u2019une rencontre avec le pr\u00e9sident du Conseil \u00c9conomique, Social et Environnemental (CESE) du S\u00e9n\u00e9gal, Idrissa Seck, actuellement en visite officielle au Maroc.<\/strong><br \/>\n<strong>\u201cIl faut imp\u00e9rativement augmenter le taux tr\u00e8s bas des \u00e9changes commerciaux entre les pays africains qui ne repr\u00e9sentent aujourd\u2019hui que 16% des \u00e9changes globaux de ces pays\u201d, a insist\u00e9 le pr\u00e9sident de l\u2019organisation patronale, expliquant cette faiblesse par des barri\u00e8res tarifaires et non tarifaires ainsi que par la faiblesse des infrastructures permettant une fluidit\u00e9 des \u00e9changes.<\/strong><br \/>\n<strong>Alors que le Maroc est tr\u00e8s actif sur le continent \u00e0 travers ses entreprises, ses exportations vers les pays africains ne repr\u00e9sentent que 3,2% du total de ses exportations vers le reste du monde, a-t-il fait observer, notant qu\u2019au niveau des importations, la part des achats venant d\u2019Afrique repr\u00e9sente \u00e0 peine 2,5% du total des importations marocaines.<\/strong><br \/>\n<strong>\u201cNous avons \u00e0 c\u0153ur de faire de la coop\u00e9ration \u00e9conomique le moteur d\u2019une croissance partag\u00e9e et inclusive mais \u00e9galement le socle de l\u2019\u00e9mergence d\u2019une \u00e9conomie sociale soutenue par des entreprises cr\u00e9atrices de valeur ajout\u00e9e et d\u2019emplois locaux\u201d, a-t-il ajout\u00e9.<\/strong><br \/>\n<strong>Au sujet des relations maroco-s\u00e9n\u00e9galaises, M. Alj a rappel\u00e9 la mise en place du Groupe d\u2019Impulsion \u00c9conomique (GIE) commun qui vise \u00e0 dynamiser la coop\u00e9ration \u00e9conomique, favoriser la co-\u00e9mergence, promouvoir le partenariat entre les secteurs priv\u00e9s des deux pays et assurer le suivi de r\u00e9alisations des accords priv\u00e9-priv\u00e9 et public-priv\u00e9 entre le S\u00e9n\u00e9gal et le Maroc.<\/strong><br \/>\n<strong>Pour sa part, M. Seck a salu\u00e9 l\u2019excellence des relations bilat\u00e9rales entre le S\u00e9n\u00e9gal et le Maroc, notamment, au niveau institutionnel, appelant, toutefois, \u00e0 davantage d\u2019efforts pour hisser le niveau des \u00e9changes \u00e0 celui des excellentes relations politiques et historiques entre les deux pays et les deux chefs d\u2019\u00c9tat.<\/strong><br \/>\n<strong>La disponibilit\u00e9 des comp\u00e9tences de haut niveau dans les deux pays rend indispensable le renforcement des relations \u00e9conomiques eu \u00e9gard aux potentialit\u00e9s existantes, afin de s\u2019engager dans des projets communs au b\u00e9n\u00e9fice des deux populations, a-t-il relev\u00e9.<\/strong><br \/>\n<strong>La pand\u00e9mie de Covid-19 que traverse le monde appelle \u00e0 une coop\u00e9ration plus \u00e9troite dans le secteur pharmaceutique pour assurer la souverainet\u00e9 sanitaire, gr\u00e2ce \u00e0 la mobilisation des m\u00e9decins et des chercheurs pour fournir des solutions ad\u00e9quates \u00e0 cette crise sans pr\u00e9c\u00e9dent, a-t-il soulign\u00e9.<\/strong><br \/>\n<strong>Et de conclure que \u201cle Maroc et le S\u00e9n\u00e9gal, ensemble avec tous nos autres compatriotes africains sont d\u00e9cid\u00e9s \u00e0 faire du continent africain pas seulement le berceau de l\u2019humanit\u00e9 mais \u00e9galement son avenir\u201d.<\/strong><\/p>\n","protected":false},"excerpt":{"rendered":"<p>Casablanca \u2013le12 La Zone de libre-\u00e9change continentale africaine (ZLECAF) est une opportunit\u00e9 porteuse de beaucoup d\u2019espoir pour l\u2019Afrique, qui va permettre au continent d\u2019atteindre un stade \u00e9lev\u00e9 de son d\u00e9veloppement, a soulign\u00e9, mardi \u00e0 Casablanca, le pr\u00e9sident de la Conf\u00e9d\u00e9ration g\u00e9n\u00e9rale des entreprises du Maroc (CGEM), Chakib Alj. La ZLECAf permettra de \u201ccapter la valeur [&hellip;]<\/p>\n","protected":false},"author":4,"featured_media":12636,"comment_status":"open","ping_status":"open","sticky":false,"template":"","format":"standard","meta":[],"categories":[26,31],"tags":[],"yst_prominent_words":[172,80,175,695,2996,78,834,69,826,512,98,165,362],"jetpack_featured_media_url":"https:\/\/le12.ma\/fr\/wp-content\/uploads\/2021\/02\/alj-CGEM.jpg","_links":{"self":[{"href":"https:\/\/le12.ma\/fr\/wp-json\/wp\/v2\/posts\/12635"}],"collection":[{"href":"https:\/\/le12.ma\/fr\/wp-json\/wp\/v2\/posts"}],"about":[{"href":"https:\/\/le12.ma\/fr\/wp-json\/wp\/v2\/types\/post"}],"author":[{"embeddable":true,"href":"https:\/\/le12.ma\/fr\/wp-json\/wp\/v2\/users\/4"}],"replies":[{"embeddable":true,"href":"https:\/\/le12.ma\/fr\/wp-json\/wp\/v2\/comments?post=12635"}],"version-history":[{"count":1,"href":"https:\/\/le12.ma\/fr\/wp-json\/wp\/v2\/posts\/12635\/revisions"}],"predecessor-version":[{"id":12637,"href":"https:\/\/le12.ma\/fr\/wp-json\/wp\/v2\/posts\/12635\/revisions\/12637"}],"wp:featuredmedia":[{"embeddable":true,"href":"https:\/\/le12.ma\/fr\/wp-json\/wp\/v2\/media\/12636"}],"wp:attachment":[{"href":"https:\/\/le12.ma\/fr\/wp-json\/wp\/v2\/media?parent=12635"}],"wp:term":[{"taxonomy":"category","embeddable":true,"href":"https:\/\/le12.ma\/fr\/wp-json\/wp\/v2\/categories?post=12635"},{"taxonomy":"post_tag","embeddable":true,"href":"https:\/\/le12.ma\/fr\/wp-json\/wp\/v2\/tags?post=12635"},{"taxonomy":"yst_prominent_words","embeddable":true,"href":"https:\/\/le12.ma\/fr\/wp-json\/wp\/v2\/yst_prominent_words?post=12635"}],"curies":[{"name":"wp","href":"https:\/\/api.w.org\/{rel}","templated":true}]}}